{"id":2758,"date":"2020-04-15T22:43:25","date_gmt":"2020-04-15T20:43:25","guid":{"rendered":"http:\/\/musiqueautemple.fr\/?p=2758"},"modified":"2026-04-02T22:56:12","modified_gmt":"2026-04-02T20:56:12","slug":"des-photos-de-concerts-2019-de-musique-au-temple","status":"publish","type":"post","link":"https:\/\/musiqueautemple.fr\/?p=2758","title":{"rendered":"Quelques aper\u00e7us de concerts  ou manifestations de Musique au Temple"},"content":{"rendered":"\n<h2 class=\"wp-block-heading\">Ensemble CARTESIXTE &#8211; Dimanche 29 mars 2026<\/h2>\n\n\n\n<figure class=\"wp-block-image size-large\"><img loading=\"lazy\" decoding=\"async\" width=\"1024\" height=\"732\" src=\"https:\/\/musiqueautemple.fr\/wp-content\/uploads\/2020\/04\/Cartesixte-mars-2026-1024x732.jpg\" alt=\"\" class=\"wp-image-7048\" srcset=\"https:\/\/musiqueautemple.fr\/wp-content\/uploads\/2020\/04\/Cartesixte-mars-2026-1024x732.jpg 1024w, https:\/\/musiqueautemple.fr\/wp-content\/uploads\/2020\/04\/Cartesixte-mars-2026-300x215.jpg 300w, https:\/\/musiqueautemple.fr\/wp-content\/uploads\/2020\/04\/Cartesixte-mars-2026-768x549.jpg 768w, https:\/\/musiqueautemple.fr\/wp-content\/uploads\/2020\/04\/Cartesixte-mars-2026-1536x1098.jpg 1536w, https:\/\/musiqueautemple.fr\/wp-content\/uploads\/2020\/04\/Cartesixte-mars-2026-900x644.jpg 900w, https:\/\/musiqueautemple.fr\/wp-content\/uploads\/2020\/04\/Cartesixte-mars-2026-1280x915.jpg 1280w, https:\/\/musiqueautemple.fr\/wp-content\/uploads\/2020\/04\/Cartesixte-mars-2026.jpg 1983w\" sizes=\"auto, (max-width: 1024px) 100vw, 1024px\" \/><\/figure>\n\n\n\n<p><\/p>\n\n\n\n<h2 class=\"wp-block-heading\">BACH \u00e0 TOURS &#8211; Dimanche 15 mars 2026 <\/h2>\n\n\n\n<figure class=\"wp-block-video\"><video height=\"480\" style=\"aspect-ratio: 720 \/ 480;\" width=\"720\" controls src=\"https:\/\/musiqueautemple.fr\/wp-content\/uploads\/2020\/04\/extrait-mars-26.mp4\"><\/video><\/figure>\n\n\n\n<p><\/p>\n\n\n\n<h2 class=\"wp-block-heading\"><strong>LES MUSES DU VENT &#8211; Dimanche 8 mars 2026<\/strong><\/h2>\n\n\n\n<figure class=\"wp-block-image size-full\"><img loading=\"lazy\" decoding=\"async\" width=\"808\" height=\"590\" src=\"https:\/\/musiqueautemple.fr\/wp-content\/uploads\/2020\/04\/20260308_190156.jpg\" alt=\"\" class=\"wp-image-6997\" srcset=\"https:\/\/musiqueautemple.fr\/wp-content\/uploads\/2020\/04\/20260308_190156.jpg 808w, https:\/\/musiqueautemple.fr\/wp-content\/uploads\/2020\/04\/20260308_190156-300x219.jpg 300w, https:\/\/musiqueautemple.fr\/wp-content\/uploads\/2020\/04\/20260308_190156-768x561.jpg 768w\" sizes=\"auto, (max-width: 808px) 100vw, 808px\" \/><\/figure>\n\n\n\n<p><\/p>\n\n\n\n<h2 class=\"wp-block-heading\">CANTATE A TOURS le 8 F\u00e9vrier 2026<\/h2>\n\n\n\n<h2 class=\"wp-block-heading\">Le  public s&rsquo;entraine au Choral de la cantate BWV 126&#8230;:<\/h2>\n\n\n\n<figure class=\"wp-block-video\"><video height=\"720\" style=\"aspect-ratio: 1280 \/ 720;\" width=\"1280\" controls src=\"https:\/\/musiqueautemple.fr\/wp-content\/uploads\/2020\/04\/Repetition-du-public-Vcourte.mp4\"><\/video><\/figure>\n\n\n\n<p>Et voil\u00e0 le r\u00e9sultat<\/p>\n\n\n\n<figure class=\"wp-block-video\"><video height=\"720\" style=\"aspect-ratio: 1280 \/ 720;\" width=\"1280\" controls src=\"https:\/\/musiqueautemple.fr\/wp-content\/uploads\/2020\/04\/Choral-fin.mp4\"><\/video><\/figure>\n\n\n\n<p><\/p>\n\n\n\n<h2 class=\"wp-block-heading\">CANTATE A TOURS le 18 janvier 2026<\/h2>\n\n\n\n<h2 class=\"wp-block-heading\"><strong>Cantate BWV 18<\/strong><\/h2>\n\n\n\n<figure class=\"wp-block-image size-large\"><img loading=\"lazy\" decoding=\"async\" width=\"1024\" height=\"709\" src=\"https:\/\/musiqueautemple.fr\/wp-content\/uploads\/2020\/04\/20260118_172224-1024x709.jpg\" alt=\"\" class=\"wp-image-6936\" srcset=\"https:\/\/musiqueautemple.fr\/wp-content\/uploads\/2020\/04\/20260118_172224-1024x709.jpg 1024w, https:\/\/musiqueautemple.fr\/wp-content\/uploads\/2020\/04\/20260118_172224-300x208.jpg 300w, https:\/\/musiqueautemple.fr\/wp-content\/uploads\/2020\/04\/20260118_172224-768x532.jpg 768w, https:\/\/musiqueautemple.fr\/wp-content\/uploads\/2020\/04\/20260118_172224-1536x1064.jpg 1536w, https:\/\/musiqueautemple.fr\/wp-content\/uploads\/2020\/04\/20260118_172224-2048x1419.jpg 2048w, https:\/\/musiqueautemple.fr\/wp-content\/uploads\/2020\/04\/20260118_172224-900x623.jpg 900w, https:\/\/musiqueautemple.fr\/wp-content\/uploads\/2020\/04\/20260118_172224-1280x887.jpg 1280w\" sizes=\"auto, (max-width: 1024px) 100vw, 1024px\" \/><\/figure>\n\n\n\n<p><\/p>\n\n\n\n<h2 data-wp-context---core-fit-text=\"core\/fit-text::{&quot;fontSize&quot;:&quot;&quot;}\" data-wp-init---core-fit-text=\"core\/fit-text::callbacks.init\" data-wp-interactive data-wp-style--font-size=\"core\/fit-text::context.fontSize\" class=\"wp-block-heading has-fit-text\">pr\u00e9sentation interg\u00e9n\u00e9rationnelle de l&rsquo;Orgue<\/h2>\n\n\n\n<p><strong>Le 8 janvier 2026<\/strong><\/p>\n\n\n\n<figure class=\"wp-block-image size-large\"><img loading=\"lazy\" decoding=\"async\" width=\"768\" height=\"1024\" src=\"https:\/\/musiqueautemple.fr\/wp-content\/uploads\/2020\/04\/Presentation-intergeneration-768x1024.jpg\" alt=\"\" class=\"wp-image-6944\" srcset=\"https:\/\/musiqueautemple.fr\/wp-content\/uploads\/2020\/04\/Presentation-intergeneration-768x1024.jpg 768w, https:\/\/musiqueautemple.fr\/wp-content\/uploads\/2020\/04\/Presentation-intergeneration-225x300.jpg 225w, https:\/\/musiqueautemple.fr\/wp-content\/uploads\/2020\/04\/Presentation-intergeneration-1152x1536.jpg 1152w, https:\/\/musiqueautemple.fr\/wp-content\/uploads\/2020\/04\/Presentation-intergeneration-900x1200.jpg 900w, https:\/\/musiqueautemple.fr\/wp-content\/uploads\/2020\/04\/Presentation-intergeneration-1280x1707.jpg 1280w, https:\/\/musiqueautemple.fr\/wp-content\/uploads\/2020\/04\/Presentation-intergeneration.jpg 1500w\" sizes=\"auto, (max-width: 768px) 100vw, 768px\" \/><\/figure>\n\n\n\n<p><\/p>\n\n\n\n<h2 class=\"wp-block-heading\">1\u1d49\u02b3&nbsp;concert du cycle CANTATE A TOURS le 21 d\u00e9cembre 2025.<\/h2>\n\n\n\n<h2 class=\"wp-block-heading\"><strong>Cantate BWV 82<\/strong><\/h2>\n\n\n\n<figure class=\"wp-block-embed is-type-video is-provider-youtube wp-block-embed-youtube wp-embed-aspect-16-9 wp-has-aspect-ratio\"><div class=\"wp-block-embed__wrapper\">\n<iframe loading=\"lazy\" title=\"Cantate \u00e0 Tours\" width=\"629\" height=\"354\" src=\"https:\/\/www.youtube.com\/embed\/WYuwW4Yudm4?feature=oembed\" frameborder=\"0\" allow=\"accelerometer; autoplay; clipboard-write; encrypted-media; gyroscope; picture-in-picture; web-share\" referrerpolicy=\"strict-origin-when-cross-origin\" allowfullscreen><\/iframe>\n<\/div><\/figure>\n\n\n\n<figure class=\"wp-block-image size-large is-resized\"><img loading=\"lazy\" decoding=\"async\" width=\"1024\" height=\"577\" src=\"https:\/\/musiqueautemple.fr\/wp-content\/uploads\/2025\/12\/DSC00013-1-1024x577.jpg\" alt=\"\" class=\"wp-image-6835\" style=\"width:666px;height:auto\" srcset=\"https:\/\/musiqueautemple.fr\/wp-content\/uploads\/2025\/12\/DSC00013-1-1024x577.jpg 1024w, https:\/\/musiqueautemple.fr\/wp-content\/uploads\/2025\/12\/DSC00013-1-300x169.jpg 300w, https:\/\/musiqueautemple.fr\/wp-content\/uploads\/2025\/12\/DSC00013-1-768x433.jpg 768w, https:\/\/musiqueautemple.fr\/wp-content\/uploads\/2025\/12\/DSC00013-1-1536x866.jpg 1536w, https:\/\/musiqueautemple.fr\/wp-content\/uploads\/2025\/12\/DSC00013-1-2048x1154.jpg 2048w, https:\/\/musiqueautemple.fr\/wp-content\/uploads\/2025\/12\/DSC00013-1-900x507.jpg 900w, https:\/\/musiqueautemple.fr\/wp-content\/uploads\/2025\/12\/DSC00013-1-1280x721.jpg 1280w\" sizes=\"auto, (max-width: 1024px) 100vw, 1024px\" \/><\/figure>\n\n\n\n<p>Etienne Bazola : baryton &#8211; Diana Lee : violon 1 &#8211; Anne-Sophie Brioude : violon 2 &#8211; Mathilde Vialle : viole -Fran\u00e7ois Gallon : violoncelle &#8211; Marion Le Moal : hautbois &#8211; Marie Lerbret : basson et fl\u00fbte \u00e0 bec &#8211; Mathieu Valfr\u00e9 : orgue &#8211; Jean-Miguel Aristizabal : clavecin<\/p>\n\n\n\n<p><\/p>\n\n\n\n<figure class=\"wp-block-image size-large\"><img loading=\"lazy\" decoding=\"async\" width=\"620\" height=\"1024\" src=\"https:\/\/musiqueautemple.fr\/wp-content\/uploads\/2025\/12\/14-de-2025-Alice-Dieval-Pierre-Malle-620x1024.jpg\" alt=\"\" class=\"wp-image-6815\" srcset=\"https:\/\/musiqueautemple.fr\/wp-content\/uploads\/2025\/12\/14-de-2025-Alice-Dieval-Pierre-Malle-620x1024.jpg 620w, https:\/\/musiqueautemple.fr\/wp-content\/uploads\/2025\/12\/14-de-2025-Alice-Dieval-Pierre-Malle-182x300.jpg 182w, https:\/\/musiqueautemple.fr\/wp-content\/uploads\/2025\/12\/14-de-2025-Alice-Dieval-Pierre-Malle-768x1268.jpg 768w, https:\/\/musiqueautemple.fr\/wp-content\/uploads\/2025\/12\/14-de-2025-Alice-Dieval-Pierre-Malle-930x1536.jpg 930w, https:\/\/musiqueautemple.fr\/wp-content\/uploads\/2025\/12\/14-de-2025-Alice-Dieval-Pierre-Malle-1240x2048.jpg 1240w, https:\/\/musiqueautemple.fr\/wp-content\/uploads\/2025\/12\/14-de-2025-Alice-Dieval-Pierre-Malle-900x1486.jpg 900w, https:\/\/musiqueautemple.fr\/wp-content\/uploads\/2025\/12\/14-de-2025-Alice-Dieval-Pierre-Malle-1280x2114.jpg 1280w, https:\/\/musiqueautemple.fr\/wp-content\/uploads\/2025\/12\/14-de-2025-Alice-Dieval-Pierre-Malle.jpg 1432w\" sizes=\"auto, (max-width: 620px) 100vw, 620px\" \/><\/figure>\n\n\n\n<p><strong>Alice DIEVAL (orgue), Pierre MALLE (violon). Concert de l&rsquo;Avent du 14 d\u00e9cembre 2025<\/strong>.<\/p>\n\n\n\n<p><\/p>\n\n\n\n<figure class=\"wp-block-image size-large is-resized\"><img loading=\"lazy\" decoding=\"async\" width=\"756\" height=\"1024\" src=\"https:\/\/musiqueautemple.fr\/wp-content\/uploads\/2025\/12\/Jean-Michel-Mestre-7-dec-2025-756x1024.jpg\" alt=\"\" class=\"wp-image-6813\" style=\"width:658px;height:auto\" srcset=\"https:\/\/musiqueautemple.fr\/wp-content\/uploads\/2025\/12\/Jean-Michel-Mestre-7-dec-2025-756x1024.jpg 756w, https:\/\/musiqueautemple.fr\/wp-content\/uploads\/2025\/12\/Jean-Michel-Mestre-7-dec-2025-222x300.jpg 222w, https:\/\/musiqueautemple.fr\/wp-content\/uploads\/2025\/12\/Jean-Michel-Mestre-7-dec-2025-768x1040.jpg 768w, https:\/\/musiqueautemple.fr\/wp-content\/uploads\/2025\/12\/Jean-Michel-Mestre-7-dec-2025-1134x1536.jpg 1134w, https:\/\/musiqueautemple.fr\/wp-content\/uploads\/2025\/12\/Jean-Michel-Mestre-7-dec-2025-1512x2048.jpg 1512w, https:\/\/musiqueautemple.fr\/wp-content\/uploads\/2025\/12\/Jean-Michel-Mestre-7-dec-2025-900x1219.jpg 900w, https:\/\/musiqueautemple.fr\/wp-content\/uploads\/2025\/12\/Jean-Michel-Mestre-7-dec-2025-1280x1733.jpg 1280w, https:\/\/musiqueautemple.fr\/wp-content\/uploads\/2025\/12\/Jean-Michel-Mestre-7-dec-2025-scaled.jpg 1890w\" sizes=\"auto, (max-width: 756px) 100vw, 756px\" \/><\/figure>\n\n\n\n<p class=\"has-large-font-size\"><strong>Jean-Michel MESTRE (orgue). Concert de l&rsquo;Avent du 7 d\u00e9cembre 2025.<\/strong><\/p>\n\n\n\n<p><\/p>\n\n\n\n<p><\/p>\n\n\n\n<figure class=\"wp-block-image size-large is-resized\"><img loading=\"lazy\" decoding=\"async\" width=\"1024\" height=\"1024\" src=\"https:\/\/musiqueautemple.fr\/wp-content\/uploads\/2025\/12\/Ensemble-Illusion-30-nov-2025-1024x1024.jpg\" alt=\"\" class=\"wp-image-6789\" style=\"width:840px;height:auto\" srcset=\"https:\/\/musiqueautemple.fr\/wp-content\/uploads\/2025\/12\/Ensemble-Illusion-30-nov-2025-1024x1024.jpg 1024w, https:\/\/musiqueautemple.fr\/wp-content\/uploads\/2025\/12\/Ensemble-Illusion-30-nov-2025-300x300.jpg 300w, https:\/\/musiqueautemple.fr\/wp-content\/uploads\/2025\/12\/Ensemble-Illusion-30-nov-2025-150x150.jpg 150w, https:\/\/musiqueautemple.fr\/wp-content\/uploads\/2025\/12\/Ensemble-Illusion-30-nov-2025-768x768.jpg 768w, https:\/\/musiqueautemple.fr\/wp-content\/uploads\/2025\/12\/Ensemble-Illusion-30-nov-2025-1536x1536.jpg 1536w, https:\/\/musiqueautemple.fr\/wp-content\/uploads\/2025\/12\/Ensemble-Illusion-30-nov-2025-2048x2048.jpg 2048w, https:\/\/musiqueautemple.fr\/wp-content\/uploads\/2025\/12\/Ensemble-Illusion-30-nov-2025-88x88.jpg 88w, https:\/\/musiqueautemple.fr\/wp-content\/uploads\/2025\/12\/Ensemble-Illusion-30-nov-2025-900x900.jpg 900w, https:\/\/musiqueautemple.fr\/wp-content\/uploads\/2025\/12\/Ensemble-Illusion-30-nov-2025-1280x1280.jpg 1280w\" sizes=\"auto, (max-width: 1024px) 100vw, 1024px\" \/><\/figure>\n\n\n\n<p class=\"has-large-font-size\"><strong>Ensemble \u00ab\u00a0L&rsquo;ILLUSION\u00a0\u00bb. photo du bas, de gauche \u00e0 droite : Alice Di\u00e9val, G\u00e9raldine Ferr\u00e9-Carillo, Jean-Baptiste Ap\u00e9r\u00e9, Christophe Rostang. Concert de l&rsquo;Avent du 30 novembre 2025<\/strong>.<\/p>\n\n\n\n<figure class=\"wp-block-gallery has-nested-images columns-default is-cropped wp-block-gallery-1 is-layout-flex wp-block-gallery-is-layout-flex\">\n<figure class=\"wp-block-image size-large\"><img loading=\"lazy\" decoding=\"async\" width=\"1024\" height=\"1024\" data-id=\"6793\" src=\"https:\/\/musiqueautemple.fr\/wp-content\/uploads\/2025\/12\/Quatuor-Hermione-19-nov-2025-1-1024x1024.jpg\" alt=\"\" class=\"wp-image-6793\" srcset=\"https:\/\/musiqueautemple.fr\/wp-content\/uploads\/2025\/12\/Quatuor-Hermione-19-nov-2025-1-1024x1024.jpg 1024w, https:\/\/musiqueautemple.fr\/wp-content\/uploads\/2025\/12\/Quatuor-Hermione-19-nov-2025-1-300x300.jpg 300w, https:\/\/musiqueautemple.fr\/wp-content\/uploads\/2025\/12\/Quatuor-Hermione-19-nov-2025-1-150x150.jpg 150w, https:\/\/musiqueautemple.fr\/wp-content\/uploads\/2025\/12\/Quatuor-Hermione-19-nov-2025-1-768x768.jpg 768w, https:\/\/musiqueautemple.fr\/wp-content\/uploads\/2025\/12\/Quatuor-Hermione-19-nov-2025-1-1536x1536.jpg 1536w, https:\/\/musiqueautemple.fr\/wp-content\/uploads\/2025\/12\/Quatuor-Hermione-19-nov-2025-1-2048x2048.jpg 2048w, https:\/\/musiqueautemple.fr\/wp-content\/uploads\/2025\/12\/Quatuor-Hermione-19-nov-2025-1-88x88.jpg 88w, https:\/\/musiqueautemple.fr\/wp-content\/uploads\/2025\/12\/Quatuor-Hermione-19-nov-2025-1-900x900.jpg 900w, https:\/\/musiqueautemple.fr\/wp-content\/uploads\/2025\/12\/Quatuor-Hermione-19-nov-2025-1-1280x1280.jpg 1280w\" sizes=\"auto, (max-width: 1024px) 100vw, 1024px\" \/><\/figure>\n<\/figure>\n\n\n\n<p class=\"has-large-font-size\"><strong>Quatuor HERMIONE et Elo\u00efse Saens (violon), Claire Myers (violoncelle). Concert du 19 novembre 2025.<\/strong><\/p>\n\n\n\n<figure class=\"wp-block-image size-large\"><img loading=\"lazy\" decoding=\"async\" width=\"1024\" height=\"470\" src=\"https:\/\/musiqueautemple.fr\/wp-content\/uploads\/2025\/11\/cartexiste-violoncelles-2-nov-2025-4-1024x470.jpg\" alt=\"\" class=\"wp-image-6736\" srcset=\"https:\/\/musiqueautemple.fr\/wp-content\/uploads\/2025\/11\/cartexiste-violoncelles-2-nov-2025-4-1024x470.jpg 1024w, https:\/\/musiqueautemple.fr\/wp-content\/uploads\/2025\/11\/cartexiste-violoncelles-2-nov-2025-4-300x138.jpg 300w, https:\/\/musiqueautemple.fr\/wp-content\/uploads\/2025\/11\/cartexiste-violoncelles-2-nov-2025-4-768x353.jpg 768w, https:\/\/musiqueautemple.fr\/wp-content\/uploads\/2025\/11\/cartexiste-violoncelles-2-nov-2025-4-1536x705.jpg 1536w, https:\/\/musiqueautemple.fr\/wp-content\/uploads\/2025\/11\/cartexiste-violoncelles-2-nov-2025-4-2048x940.jpg 2048w, https:\/\/musiqueautemple.fr\/wp-content\/uploads\/2025\/11\/cartexiste-violoncelles-2-nov-2025-4-900x413.jpg 900w, https:\/\/musiqueautemple.fr\/wp-content\/uploads\/2025\/11\/cartexiste-violoncelles-2-nov-2025-4-1280x588.jpg 1280w\" sizes=\"auto, (max-width: 1024px) 100vw, 1024px\" \/><\/figure>\n\n\n\n<p class=\"has-large-font-size\"><strong>Ensemble CARTEXISTE, dimanche 2 novembre 2025.<\/strong><\/p>\n\n\n\n<figure class=\"wp-block-gallery has-nested-images columns-default is-cropped wp-block-gallery-2 is-layout-flex wp-block-gallery-is-layout-flex\">\n<figure class=\"wp-block-image size-large\"><img loading=\"lazy\" decoding=\"async\" width=\"1024\" height=\"1024\" data-id=\"6740\" src=\"https:\/\/musiqueautemple.fr\/wp-content\/uploads\/2025\/11\/Sebastien-Wonner-20-juillet-2025-2-1024x1024.jpg\" alt=\"\" class=\"wp-image-6740\" srcset=\"https:\/\/musiqueautemple.fr\/wp-content\/uploads\/2025\/11\/Sebastien-Wonner-20-juillet-2025-2-1024x1024.jpg 1024w, https:\/\/musiqueautemple.fr\/wp-content\/uploads\/2025\/11\/Sebastien-Wonner-20-juillet-2025-2-300x300.jpg 300w, https:\/\/musiqueautemple.fr\/wp-content\/uploads\/2025\/11\/Sebastien-Wonner-20-juillet-2025-2-150x150.jpg 150w, https:\/\/musiqueautemple.fr\/wp-content\/uploads\/2025\/11\/Sebastien-Wonner-20-juillet-2025-2-768x768.jpg 768w, https:\/\/musiqueautemple.fr\/wp-content\/uploads\/2025\/11\/Sebastien-Wonner-20-juillet-2025-2-1536x1536.jpg 1536w, https:\/\/musiqueautemple.fr\/wp-content\/uploads\/2025\/11\/Sebastien-Wonner-20-juillet-2025-2-2048x2048.jpg 2048w, https:\/\/musiqueautemple.fr\/wp-content\/uploads\/2025\/11\/Sebastien-Wonner-20-juillet-2025-2-88x88.jpg 88w, https:\/\/musiqueautemple.fr\/wp-content\/uploads\/2025\/11\/Sebastien-Wonner-20-juillet-2025-2-900x900.jpg 900w, https:\/\/musiqueautemple.fr\/wp-content\/uploads\/2025\/11\/Sebastien-Wonner-20-juillet-2025-2-1280x1280.jpg 1280w\" sizes=\"auto, (max-width: 1024px) 100vw, 1024px\" \/><\/figure>\n<\/figure>\n\n\n\n<p class=\"has-large-font-size\"><strong>S\u00e9bastien WONNER, orgue et clavecin. Concert d&rsquo;\u00e9t\u00e9 le 20 juillet 2025.<\/strong><\/p>\n\n\n\n<figure class=\"wp-block-image size-large is-resized\"><img loading=\"lazy\" decoding=\"async\" width=\"768\" height=\"1024\" src=\"https:\/\/musiqueautemple.fr\/wp-content\/uploads\/2025\/10\/JL-HO-1-768x1024.jpg\" alt=\"\" class=\"wp-image-6697\" style=\"width:564px;height:auto\" srcset=\"https:\/\/musiqueautemple.fr\/wp-content\/uploads\/2025\/10\/JL-HO-1-768x1024.jpg 768w, https:\/\/musiqueautemple.fr\/wp-content\/uploads\/2025\/10\/JL-HO-1-225x300.jpg 225w, https:\/\/musiqueautemple.fr\/wp-content\/uploads\/2025\/10\/JL-HO-1-1152x1536.jpg 1152w, https:\/\/musiqueautemple.fr\/wp-content\/uploads\/2025\/10\/JL-HO-1-1536x2048.jpg 1536w, https:\/\/musiqueautemple.fr\/wp-content\/uploads\/2025\/10\/JL-HO-1-900x1200.jpg 900w, https:\/\/musiqueautemple.fr\/wp-content\/uploads\/2025\/10\/JL-HO-1-1280x1707.jpg 1280w, https:\/\/musiqueautemple.fr\/wp-content\/uploads\/2025\/10\/JL-HO-1-scaled.jpg 1920w\" sizes=\"auto, (max-width: 768px) 100vw, 768px\" \/><\/figure>\n\n\n\n<h2 class=\"wp-block-heading\">Jean Luc HO &#8211; cl\u00f4ture d&rsquo;Autours de l&rsquo;Orgue<\/h2>\n\n\n\n<figure class=\"wp-block-image size-large is-resized\"><img loading=\"lazy\" decoding=\"async\" width=\"909\" height=\"1024\" src=\"https:\/\/musiqueautemple.fr\/wp-content\/uploads\/2025\/07\/Francois-Cornu-15-18-juillet-2025-909x1024.jpg\" alt=\"\" class=\"wp-image-6661\" style=\"width:561px;height:auto\" srcset=\"https:\/\/musiqueautemple.fr\/wp-content\/uploads\/2025\/07\/Francois-Cornu-15-18-juillet-2025-909x1024.jpg 909w, https:\/\/musiqueautemple.fr\/wp-content\/uploads\/2025\/07\/Francois-Cornu-15-18-juillet-2025-266x300.jpg 266w, https:\/\/musiqueautemple.fr\/wp-content\/uploads\/2025\/07\/Francois-Cornu-15-18-juillet-2025-768x866.jpg 768w, https:\/\/musiqueautemple.fr\/wp-content\/uploads\/2025\/07\/Francois-Cornu-15-18-juillet-2025-1363x1536.jpg 1363w, https:\/\/musiqueautemple.fr\/wp-content\/uploads\/2025\/07\/Francois-Cornu-15-18-juillet-2025-1817x2048.jpg 1817w, https:\/\/musiqueautemple.fr\/wp-content\/uploads\/2025\/07\/Francois-Cornu-15-18-juillet-2025-900x1014.jpg 900w, https:\/\/musiqueautemple.fr\/wp-content\/uploads\/2025\/07\/Francois-Cornu-15-18-juillet-2025-1280x1443.jpg 1280w\" sizes=\"auto, (max-width: 909px) 100vw, 909px\" \/><\/figure>\n\n\n\n<p><strong>Fran\u00e7ois Cornus au piano. Concerts du 15 au 18 juillet 2025.<\/strong><\/p>\n\n\n\n<p><\/p>\n\n\n\n<figure class=\"wp-block-image size-large is-resized\"><img loading=\"lazy\" decoding=\"async\" width=\"1024\" height=\"900\" src=\"https:\/\/musiqueautemple.fr\/wp-content\/uploads\/2025\/06\/concert-du-28-juin-2015-1-1024x900.jpg\" alt=\"\" class=\"wp-image-6638\" style=\"width:562px;height:auto\" srcset=\"https:\/\/musiqueautemple.fr\/wp-content\/uploads\/2025\/06\/concert-du-28-juin-2015-1-1024x900.jpg 1024w, https:\/\/musiqueautemple.fr\/wp-content\/uploads\/2025\/06\/concert-du-28-juin-2015-1-300x264.jpg 300w, https:\/\/musiqueautemple.fr\/wp-content\/uploads\/2025\/06\/concert-du-28-juin-2015-1-768x675.jpg 768w, https:\/\/musiqueautemple.fr\/wp-content\/uploads\/2025\/06\/concert-du-28-juin-2015-1-1536x1350.jpg 1536w, https:\/\/musiqueautemple.fr\/wp-content\/uploads\/2025\/06\/concert-du-28-juin-2015-1-2048x1800.jpg 2048w, https:\/\/musiqueautemple.fr\/wp-content\/uploads\/2025\/06\/concert-du-28-juin-2015-1-900x791.jpg 900w, https:\/\/musiqueautemple.fr\/wp-content\/uploads\/2025\/06\/concert-du-28-juin-2015-1-1280x1125.jpg 1280w\" sizes=\"auto, (max-width: 1024px) 100vw, 1024px\" \/><\/figure>\n\n\n\n<p><strong>Benjamin Garnier (viole de gambe), Pierre Gallon (clavecin), Diana Lee (violon).                                   Concert du 28 juin 2025.<\/strong><\/p>\n\n\n\n<figure class=\"wp-block-image size-large is-resized\"><img loading=\"lazy\" decoding=\"async\" width=\"1024\" height=\"1024\" src=\"https:\/\/musiqueautemple.fr\/wp-content\/uploads\/2025\/06\/Fete-de-la-musique-2025-1024x1024.jpg\" alt=\"\" class=\"wp-image-6629\" style=\"width:580px;height:auto\" srcset=\"https:\/\/musiqueautemple.fr\/wp-content\/uploads\/2025\/06\/Fete-de-la-musique-2025-1024x1024.jpg 1024w, https:\/\/musiqueautemple.fr\/wp-content\/uploads\/2025\/06\/Fete-de-la-musique-2025-300x300.jpg 300w, https:\/\/musiqueautemple.fr\/wp-content\/uploads\/2025\/06\/Fete-de-la-musique-2025-150x150.jpg 150w, https:\/\/musiqueautemple.fr\/wp-content\/uploads\/2025\/06\/Fete-de-la-musique-2025-768x768.jpg 768w, https:\/\/musiqueautemple.fr\/wp-content\/uploads\/2025\/06\/Fete-de-la-musique-2025-1536x1536.jpg 1536w, https:\/\/musiqueautemple.fr\/wp-content\/uploads\/2025\/06\/Fete-de-la-musique-2025-2048x2048.jpg 2048w, https:\/\/musiqueautemple.fr\/wp-content\/uploads\/2025\/06\/Fete-de-la-musique-2025-88x88.jpg 88w, https:\/\/musiqueautemple.fr\/wp-content\/uploads\/2025\/06\/Fete-de-la-musique-2025-900x900.jpg 900w, https:\/\/musiqueautemple.fr\/wp-content\/uploads\/2025\/06\/Fete-de-la-musique-2025-1280x1280.jpg 1280w\" sizes=\"auto, (max-width: 1024px) 100vw, 1024px\" \/><\/figure>\n\n\n\n<p><strong>F\u00eate de la musique au Temple. 21 juin 2025<\/strong><\/p>\n\n\n\n<figure class=\"wp-block-image size-large is-resized\"><img loading=\"lazy\" decoding=\"async\" width=\"1024\" height=\"937\" src=\"https:\/\/musiqueautemple.fr\/wp-content\/uploads\/2025\/06\/18-mai-2025-youki-Bethsabe-xavier-sebastien-1-1024x937.jpg\" alt=\"\" class=\"wp-image-6624\" style=\"width:572px;height:auto\" srcset=\"https:\/\/musiqueautemple.fr\/wp-content\/uploads\/2025\/06\/18-mai-2025-youki-Bethsabe-xavier-sebastien-1-1024x937.jpg 1024w, https:\/\/musiqueautemple.fr\/wp-content\/uploads\/2025\/06\/18-mai-2025-youki-Bethsabe-xavier-sebastien-1-300x275.jpg 300w, https:\/\/musiqueautemple.fr\/wp-content\/uploads\/2025\/06\/18-mai-2025-youki-Bethsabe-xavier-sebastien-1-768x703.jpg 768w, https:\/\/musiqueautemple.fr\/wp-content\/uploads\/2025\/06\/18-mai-2025-youki-Bethsabe-xavier-sebastien-1-1536x1406.jpg 1536w, https:\/\/musiqueautemple.fr\/wp-content\/uploads\/2025\/06\/18-mai-2025-youki-Bethsabe-xavier-sebastien-1-900x824.jpg 900w, https:\/\/musiqueautemple.fr\/wp-content\/uploads\/2025\/06\/18-mai-2025-youki-Bethsabe-xavier-sebastien-1-1280x1171.jpg 1280w, https:\/\/musiqueautemple.fr\/wp-content\/uploads\/2025\/06\/18-mai-2025-youki-Bethsabe-xavier-sebastien-1.jpg 1733w\" sizes=\"auto, (max-width: 1024px) 100vw, 1024px\" \/><\/figure>\n\n\n\n<p><strong>Xavier Richard, S\u00e9bastien Wonner, Betsab\u00e9e Haas, Youki Koike. Concert du 18 mai 2025.<\/strong><\/p>\n\n\n\n<figure class=\"wp-block-image size-large is-resized\"><img loading=\"lazy\" decoding=\"async\" width=\"1024\" height=\"1024\" src=\"https:\/\/musiqueautemple.fr\/wp-content\/uploads\/2025\/05\/20250503_214532-1024x1024.jpg\" alt=\"\" class=\"wp-image-6536\" style=\"width:582px;height:auto\" srcset=\"https:\/\/musiqueautemple.fr\/wp-content\/uploads\/2025\/05\/20250503_214532-1024x1024.jpg 1024w, https:\/\/musiqueautemple.fr\/wp-content\/uploads\/2025\/05\/20250503_214532-300x300.jpg 300w, https:\/\/musiqueautemple.fr\/wp-content\/uploads\/2025\/05\/20250503_214532-150x150.jpg 150w, https:\/\/musiqueautemple.fr\/wp-content\/uploads\/2025\/05\/20250503_214532-768x768.jpg 768w, https:\/\/musiqueautemple.fr\/wp-content\/uploads\/2025\/05\/20250503_214532-1536x1536.jpg 1536w, https:\/\/musiqueautemple.fr\/wp-content\/uploads\/2025\/05\/20250503_214532-2048x2048.jpg 2048w, https:\/\/musiqueautemple.fr\/wp-content\/uploads\/2025\/05\/20250503_214532-88x88.jpg 88w, https:\/\/musiqueautemple.fr\/wp-content\/uploads\/2025\/05\/20250503_214532-900x900.jpg 900w, https:\/\/musiqueautemple.fr\/wp-content\/uploads\/2025\/05\/20250503_214532-1280x1280.jpg 1280w\" sizes=\"auto, (max-width: 1024px) 100vw, 1024px\" \/><\/figure>\n\n\n\n<p>Ensemble <strong>LA FLORINDA,<\/strong> le 3 mai 2025<\/p>\n\n\n\n<figure class=\"wp-block-image size-large is-resized\"><img loading=\"lazy\" decoding=\"async\" width=\"1024\" height=\"615\" src=\"https:\/\/musiqueautemple.fr\/wp-content\/uploads\/2025\/04\/concert-6-avril-2025-1024x615.jpg\" alt=\"\" class=\"wp-image-6383\" style=\"width:574px;height:auto\" srcset=\"https:\/\/musiqueautemple.fr\/wp-content\/uploads\/2025\/04\/concert-6-avril-2025-1024x615.jpg 1024w, https:\/\/musiqueautemple.fr\/wp-content\/uploads\/2025\/04\/concert-6-avril-2025-300x180.jpg 300w, https:\/\/musiqueautemple.fr\/wp-content\/uploads\/2025\/04\/concert-6-avril-2025-768x461.jpg 768w, https:\/\/musiqueautemple.fr\/wp-content\/uploads\/2025\/04\/concert-6-avril-2025-900x540.jpg 900w, https:\/\/musiqueautemple.fr\/wp-content\/uploads\/2025\/04\/concert-6-avril-2025-1280x768.jpg 1280w, https:\/\/musiqueautemple.fr\/wp-content\/uploads\/2025\/04\/concert-6-avril-2025.jpg 1403w\" sizes=\"auto, (max-width: 1024px) 100vw, 1024px\" \/><\/figure>\n\n\n\n<p><strong>Ensemble vocal Cassius Palmyre.<\/strong> Concert du 6 avril 2025.<\/p>\n\n\n\n<figure class=\"wp-block-image size-large is-resized\"><img loading=\"lazy\" decoding=\"async\" width=\"859\" height=\"1024\" src=\"https:\/\/musiqueautemple.fr\/wp-content\/uploads\/2025\/03\/20250330_1816341-1-859x1024.jpg\" alt=\"\" class=\"wp-image-6356\" style=\"width:531px;height:auto\" srcset=\"https:\/\/musiqueautemple.fr\/wp-content\/uploads\/2025\/03\/20250330_1816341-1-859x1024.jpg 859w, https:\/\/musiqueautemple.fr\/wp-content\/uploads\/2025\/03\/20250330_1816341-1-252x300.jpg 252w, https:\/\/musiqueautemple.fr\/wp-content\/uploads\/2025\/03\/20250330_1816341-1-768x916.jpg 768w, https:\/\/musiqueautemple.fr\/wp-content\/uploads\/2025\/03\/20250330_1816341-1-1288x1536.jpg 1288w, https:\/\/musiqueautemple.fr\/wp-content\/uploads\/2025\/03\/20250330_1816341-1-1718x2048.jpg 1718w, https:\/\/musiqueautemple.fr\/wp-content\/uploads\/2025\/03\/20250330_1816341-1-900x1073.jpg 900w, https:\/\/musiqueautemple.fr\/wp-content\/uploads\/2025\/03\/20250330_1816341-1-1280x1526.jpg 1280w\" sizes=\"auto, (max-width: 859px) 100vw, 859px\" \/><\/figure>\n\n\n\n<p><strong>Myriam Arbouz (soprane) et Diego Salamanca (Th\u00e9orbe) Concert du 30 mars 2025<\/strong><\/p>\n\n\n\n<p><\/p>\n\n\n\n<figure class=\"wp-block-image size-full is-resized\"><img loading=\"lazy\" decoding=\"async\" width=\"1009\" height=\"535\" src=\"https:\/\/musiqueautemple.fr\/wp-content\/uploads\/2025\/03\/15-mars-2025-choeur-Smile-Gospel.jpg\" alt=\"\" class=\"wp-image-6306\" style=\"width:709px;height:auto\" srcset=\"https:\/\/musiqueautemple.fr\/wp-content\/uploads\/2025\/03\/15-mars-2025-choeur-Smile-Gospel.jpg 1009w, https:\/\/musiqueautemple.fr\/wp-content\/uploads\/2025\/03\/15-mars-2025-choeur-Smile-Gospel-300x159.jpg 300w, https:\/\/musiqueautemple.fr\/wp-content\/uploads\/2025\/03\/15-mars-2025-choeur-Smile-Gospel-768x407.jpg 768w, https:\/\/musiqueautemple.fr\/wp-content\/uploads\/2025\/03\/15-mars-2025-choeur-Smile-Gospel-900x477.jpg 900w\" sizes=\"auto, (max-width: 1009px) 100vw, 1009px\" \/><\/figure>\n\n\n\n<p><strong>Ch\u0153ur Smile of Gospel, concert organis\u00e9 par Inner Whell Club de Tours, le 15 mars 2025.<\/strong><\/p>\n\n\n\n<p><\/p>\n\n\n\n<figure class=\"wp-block-image size-large is-resized\"><img loading=\"lazy\" decoding=\"async\" width=\"1024\" height=\"619\" src=\"https:\/\/musiqueautemple.fr\/wp-content\/uploads\/2025\/03\/8-mars-2025-Les-muses-Ada-Borona-1024x619.jpg\" alt=\"\" class=\"wp-image-6272\" style=\"width:713px;height:auto\" srcset=\"https:\/\/musiqueautemple.fr\/wp-content\/uploads\/2025\/03\/8-mars-2025-Les-muses-Ada-Borona-1024x619.jpg 1024w, https:\/\/musiqueautemple.fr\/wp-content\/uploads\/2025\/03\/8-mars-2025-Les-muses-Ada-Borona-300x181.jpg 300w, https:\/\/musiqueautemple.fr\/wp-content\/uploads\/2025\/03\/8-mars-2025-Les-muses-Ada-Borona-768x464.jpg 768w, https:\/\/musiqueautemple.fr\/wp-content\/uploads\/2025\/03\/8-mars-2025-Les-muses-Ada-Borona-1536x929.jpg 1536w, https:\/\/musiqueautemple.fr\/wp-content\/uploads\/2025\/03\/8-mars-2025-Les-muses-Ada-Borona-2048x1238.jpg 2048w, https:\/\/musiqueautemple.fr\/wp-content\/uploads\/2025\/03\/8-mars-2025-Les-muses-Ada-Borona-900x544.jpg 900w, https:\/\/musiqueautemple.fr\/wp-content\/uploads\/2025\/03\/8-mars-2025-Les-muses-Ada-Borona-1280x774.jpg 1280w\" sizes=\"auto, (max-width: 1024px) 100vw, 1024px\" \/><\/figure>\n\n\n\n<p>E<strong>nsemble vocal \u00ab\u00a0Les muses au vent\u00a0\u00bb direction Ada Bonora, le 8 mars 2025.<\/strong><\/p>\n\n\n\n<p><\/p>\n\n\n\n<figure class=\"wp-block-image size-large\"><img loading=\"lazy\" decoding=\"async\" width=\"1024\" height=\"591\" src=\"https:\/\/musiqueautemple.fr\/wp-content\/uploads\/2025\/01\/19-JANV-2025-ELANAVEVA-1024x591.jpg\" alt=\"\" class=\"wp-image-6106\" srcset=\"https:\/\/musiqueautemple.fr\/wp-content\/uploads\/2025\/01\/19-JANV-2025-ELANAVEVA-1024x591.jpg 1024w, https:\/\/musiqueautemple.fr\/wp-content\/uploads\/2025\/01\/19-JANV-2025-ELANAVEVA-300x173.jpg 300w, https:\/\/musiqueautemple.fr\/wp-content\/uploads\/2025\/01\/19-JANV-2025-ELANAVEVA-768x443.jpg 768w, https:\/\/musiqueautemple.fr\/wp-content\/uploads\/2025\/01\/19-JANV-2025-ELANAVEVA-1536x886.jpg 1536w, https:\/\/musiqueautemple.fr\/wp-content\/uploads\/2025\/01\/19-JANV-2025-ELANAVEVA-900x519.jpg 900w, https:\/\/musiqueautemple.fr\/wp-content\/uploads\/2025\/01\/19-JANV-2025-ELANAVEVA-1280x739.jpg 1280w, https:\/\/musiqueautemple.fr\/wp-content\/uploads\/2025\/01\/19-JANV-2025-ELANAVEVA.jpg 1615w\" sizes=\"auto, (max-width: 1024px) 100vw, 1024px\" \/><\/figure>\n\n\n\n<p><strong>Concert des 20 ans de l&rsquo;Ensemble vocal ELANAVEVA , le 19 janvier 2025<\/strong><\/p>\n\n\n\n<p><\/p>\n\n\n\n<p><\/p>\n\n\n\n<figure class=\"wp-block-image size-large is-resized\"><img loading=\"lazy\" decoding=\"async\" width=\"728\" height=\"1024\" src=\"https:\/\/musiqueautemple.fr\/wp-content\/uploads\/2024\/12\/8-decembre-2024-Alice-Dieval-et-Pauline-Vanagt-1-728x1024.jpg\" alt=\"\" class=\"wp-image-6030\" style=\"width:611px;height:auto\" srcset=\"https:\/\/musiqueautemple.fr\/wp-content\/uploads\/2024\/12\/8-decembre-2024-Alice-Dieval-et-Pauline-Vanagt-1-728x1024.jpg 728w, https:\/\/musiqueautemple.fr\/wp-content\/uploads\/2024\/12\/8-decembre-2024-Alice-Dieval-et-Pauline-Vanagt-1-213x300.jpg 213w, https:\/\/musiqueautemple.fr\/wp-content\/uploads\/2024\/12\/8-decembre-2024-Alice-Dieval-et-Pauline-Vanagt-1-768x1080.jpg 768w, https:\/\/musiqueautemple.fr\/wp-content\/uploads\/2024\/12\/8-decembre-2024-Alice-Dieval-et-Pauline-Vanagt-1-1092x1536.jpg 1092w, https:\/\/musiqueautemple.fr\/wp-content\/uploads\/2024\/12\/8-decembre-2024-Alice-Dieval-et-Pauline-Vanagt-1-1456x2048.jpg 1456w, https:\/\/musiqueautemple.fr\/wp-content\/uploads\/2024\/12\/8-decembre-2024-Alice-Dieval-et-Pauline-Vanagt-1-900x1266.jpg 900w, https:\/\/musiqueautemple.fr\/wp-content\/uploads\/2024\/12\/8-decembre-2024-Alice-Dieval-et-Pauline-Vanagt-1-1280x1800.jpg 1280w, https:\/\/musiqueautemple.fr\/wp-content\/uploads\/2024\/12\/8-decembre-2024-Alice-Dieval-et-Pauline-Vanagt-1-scaled.jpg 1820w\" sizes=\"auto, (max-width: 728px) 100vw, 728px\" \/><\/figure>\n\n\n\n<p><strong>Pauline VANAGT (traverso), Alice DIEVAL (orgue). Concert de l&rsquo;Avent 8 d\u00e9cembre 2024.<\/strong><\/p>\n\n\n\n<p><\/p>\n\n\n\n<p><\/p>\n\n\n\n<figure class=\"wp-block-image size-full is-resized\"><img loading=\"lazy\" decoding=\"async\" width=\"679\" height=\"447\" src=\"https:\/\/musiqueautemple.fr\/wp-content\/uploads\/2024\/11\/ENSEMBLE-CARTESIXTE-30-OCT-2024.jpg\" alt=\"\" class=\"wp-image-6000\" style=\"width:645px;height:auto\" srcset=\"https:\/\/musiqueautemple.fr\/wp-content\/uploads\/2024\/11\/ENSEMBLE-CARTESIXTE-30-OCT-2024.jpg 679w, https:\/\/musiqueautemple.fr\/wp-content\/uploads\/2024\/11\/ENSEMBLE-CARTESIXTE-30-OCT-2024-300x197.jpg 300w\" sizes=\"auto, (max-width: 679px) 100vw, 679px\" \/><\/figure>\n\n\n\n<p><strong>Ensemble CARTESIXTE. 30 octobre 2024<\/strong><\/p>\n\n\n\n<p><\/p>\n\n\n\n<figure class=\"wp-block-image size-large is-resized\"><img loading=\"lazy\" decoding=\"async\" width=\"1024\" height=\"1024\" src=\"https:\/\/musiqueautemple.fr\/wp-content\/uploads\/2024\/10\/Pavel-KOHOUT-6-dec-2024-1024x1024.jpg\" alt=\"\" class=\"wp-image-5939\" style=\"width:524px;height:auto\" srcset=\"https:\/\/musiqueautemple.fr\/wp-content\/uploads\/2024\/10\/Pavel-KOHOUT-6-dec-2024-1024x1024.jpg 1024w, https:\/\/musiqueautemple.fr\/wp-content\/uploads\/2024\/10\/Pavel-KOHOUT-6-dec-2024-300x300.jpg 300w, https:\/\/musiqueautemple.fr\/wp-content\/uploads\/2024\/10\/Pavel-KOHOUT-6-dec-2024-150x150.jpg 150w, https:\/\/musiqueautemple.fr\/wp-content\/uploads\/2024\/10\/Pavel-KOHOUT-6-dec-2024-768x768.jpg 768w, https:\/\/musiqueautemple.fr\/wp-content\/uploads\/2024\/10\/Pavel-KOHOUT-6-dec-2024-1536x1536.jpg 1536w, https:\/\/musiqueautemple.fr\/wp-content\/uploads\/2024\/10\/Pavel-KOHOUT-6-dec-2024-2048x2048.jpg 2048w, https:\/\/musiqueautemple.fr\/wp-content\/uploads\/2024\/10\/Pavel-KOHOUT-6-dec-2024-88x88.jpg 88w, https:\/\/musiqueautemple.fr\/wp-content\/uploads\/2024\/10\/Pavel-KOHOUT-6-dec-2024-900x900.jpg 900w, https:\/\/musiqueautemple.fr\/wp-content\/uploads\/2024\/10\/Pavel-KOHOUT-6-dec-2024-1280x1280.jpg 1280w\" sizes=\"auto, (max-width: 1024px) 100vw, 1024px\" \/><\/figure>\n\n\n\n<p><strong>Pavel KOHOUT. <\/strong>Concert le 6 octobre 2024.<\/p>\n\n\n\n<p><\/p>\n\n\n\n<figure class=\"wp-block-image size-large is-resized\"><img loading=\"lazy\" decoding=\"async\" width=\"833\" height=\"1024\" src=\"https:\/\/musiqueautemple.fr\/wp-content\/uploads\/2024\/09\/20240908_174958-833x1024.jpg\" alt=\"\" class=\"wp-image-5899\" style=\"width:620px;height:auto\" srcset=\"https:\/\/musiqueautemple.fr\/wp-content\/uploads\/2024\/09\/20240908_174958-833x1024.jpg 833w, https:\/\/musiqueautemple.fr\/wp-content\/uploads\/2024\/09\/20240908_174958-244x300.jpg 244w, https:\/\/musiqueautemple.fr\/wp-content\/uploads\/2024\/09\/20240908_174958-768x944.jpg 768w, https:\/\/musiqueautemple.fr\/wp-content\/uploads\/2024\/09\/20240908_174958-1249x1536.jpg 1249w, https:\/\/musiqueautemple.fr\/wp-content\/uploads\/2024\/09\/20240908_174958-1665x2048.jpg 1665w, https:\/\/musiqueautemple.fr\/wp-content\/uploads\/2024\/09\/20240908_174958-900x1107.jpg 900w, https:\/\/musiqueautemple.fr\/wp-content\/uploads\/2024\/09\/20240908_174958-1280x1574.jpg 1280w, https:\/\/musiqueautemple.fr\/wp-content\/uploads\/2024\/09\/20240908_174958.jpg 1845w\" sizes=\"auto, (max-width: 833px) 100vw, 833px\" \/><\/figure>\n\n\n\n<p><strong>Diana LEE et Benjamin GARNIER<\/strong>. Concert le 8 septembre 2024.<\/p>\n\n\n\n<figure class=\"wp-block-image size-large is-resized\"><img loading=\"lazy\" decoding=\"async\" width=\"1024\" height=\"875\" src=\"https:\/\/musiqueautemple.fr\/wp-content\/uploads\/2024\/07\/Nicolas-Kilhoffer-4-juillet-2024-1024x875.jpeg\" alt=\"\" class=\"wp-image-5738\" style=\"width:619px;height:auto\" srcset=\"https:\/\/musiqueautemple.fr\/wp-content\/uploads\/2024\/07\/Nicolas-Kilhoffer-4-juillet-2024-1024x875.jpeg 1024w, https:\/\/musiqueautemple.fr\/wp-content\/uploads\/2024\/07\/Nicolas-Kilhoffer-4-juillet-2024-300x256.jpeg 300w, https:\/\/musiqueautemple.fr\/wp-content\/uploads\/2024\/07\/Nicolas-Kilhoffer-4-juillet-2024-768x656.jpeg 768w, https:\/\/musiqueautemple.fr\/wp-content\/uploads\/2024\/07\/Nicolas-Kilhoffer-4-juillet-2024-1536x1312.jpeg 1536w, https:\/\/musiqueautemple.fr\/wp-content\/uploads\/2024\/07\/Nicolas-Kilhoffer-4-juillet-2024-2048x1750.jpeg 2048w, https:\/\/musiqueautemple.fr\/wp-content\/uploads\/2024\/07\/Nicolas-Kilhoffer-4-juillet-2024-900x769.jpeg 900w, https:\/\/musiqueautemple.fr\/wp-content\/uploads\/2024\/07\/Nicolas-Kilhoffer-4-juillet-2024-1280x1094.jpeg 1280w\" sizes=\"auto, (max-width: 1024px) 100vw, 1024px\" \/><\/figure>\n\n\n\n<p><strong>Nicolas KILHOFFER<\/strong>. Concert du 4 juillet 2024.<\/p>\n\n\n\n<figure class=\"wp-block-image size-large is-resized\"><img loading=\"lazy\" decoding=\"async\" width=\"1024\" height=\"1024\" src=\"https:\/\/musiqueautemple.fr\/wp-content\/uploads\/2024\/07\/30-juin-2024-1024x1024.jpg\" alt=\"\" class=\"wp-image-5726\" style=\"width:700px;height:auto\" srcset=\"https:\/\/musiqueautemple.fr\/wp-content\/uploads\/2024\/07\/30-juin-2024-1024x1024.jpg 1024w, https:\/\/musiqueautemple.fr\/wp-content\/uploads\/2024\/07\/30-juin-2024-300x300.jpg 300w, https:\/\/musiqueautemple.fr\/wp-content\/uploads\/2024\/07\/30-juin-2024-150x150.jpg 150w, https:\/\/musiqueautemple.fr\/wp-content\/uploads\/2024\/07\/30-juin-2024-768x768.jpg 768w, https:\/\/musiqueautemple.fr\/wp-content\/uploads\/2024\/07\/30-juin-2024-1536x1536.jpg 1536w, https:\/\/musiqueautemple.fr\/wp-content\/uploads\/2024\/07\/30-juin-2024-2048x2048.jpg 2048w, https:\/\/musiqueautemple.fr\/wp-content\/uploads\/2024\/07\/30-juin-2024-88x88.jpg 88w, https:\/\/musiqueautemple.fr\/wp-content\/uploads\/2024\/07\/30-juin-2024-900x900.jpg 900w, https:\/\/musiqueautemple.fr\/wp-content\/uploads\/2024\/07\/30-juin-2024-1280x1280.jpg 1280w\" sizes=\"auto, (max-width: 1024px) 100vw, 1024px\" \/><\/figure>\n\n\n\n<p><strong>Ensemble 642 et FRIENDS. <\/strong>En partant de haut \u00e0 gauche: <strong>Myriam Arbouz <\/strong>(soprane), <strong>Ga\u00eblle Lecoq <\/strong>(fl\u00fbte \u00e0 bec), <strong>Ana\u00eblle Blanc-Verdin<\/strong> (violon),<strong> David Rabinovici <\/strong>(violon), <strong>Hannah Lane <\/strong>(harpe ancienne),  <strong>Nicolas Pollock <\/strong>(Th\u00e9orbe). 30 juin 2024.<\/p>\n\n\n\n<p>,  <\/p>\n\n\n\n<figure class=\"wp-block-image size-large is-resized\"><img loading=\"lazy\" decoding=\"async\" width=\"1024\" height=\"1024\" src=\"https:\/\/musiqueautemple.fr\/wp-content\/uploads\/2024\/06\/FETE-DE-LA-MUSICQUE-2024-1024x1024.jpg\" alt=\"\" class=\"wp-image-5695\" style=\"width:702px;height:auto\" srcset=\"https:\/\/musiqueautemple.fr\/wp-content\/uploads\/2024\/06\/FETE-DE-LA-MUSICQUE-2024-1024x1024.jpg 1024w, https:\/\/musiqueautemple.fr\/wp-content\/uploads\/2024\/06\/FETE-DE-LA-MUSICQUE-2024-300x300.jpg 300w, https:\/\/musiqueautemple.fr\/wp-content\/uploads\/2024\/06\/FETE-DE-LA-MUSICQUE-2024-150x150.jpg 150w, https:\/\/musiqueautemple.fr\/wp-content\/uploads\/2024\/06\/FETE-DE-LA-MUSICQUE-2024-768x768.jpg 768w, https:\/\/musiqueautemple.fr\/wp-content\/uploads\/2024\/06\/FETE-DE-LA-MUSICQUE-2024-1536x1536.jpg 1536w, https:\/\/musiqueautemple.fr\/wp-content\/uploads\/2024\/06\/FETE-DE-LA-MUSICQUE-2024-2048x2048.jpg 2048w, https:\/\/musiqueautemple.fr\/wp-content\/uploads\/2024\/06\/FETE-DE-LA-MUSICQUE-2024-88x88.jpg 88w, https:\/\/musiqueautemple.fr\/wp-content\/uploads\/2024\/06\/FETE-DE-LA-MUSICQUE-2024-900x900.jpg 900w, https:\/\/musiqueautemple.fr\/wp-content\/uploads\/2024\/06\/FETE-DE-LA-MUSICQUE-2024-1280x1280.jpg 1280w\" sizes=\"auto, (max-width: 1024px) 100vw, 1024px\" \/><\/figure>\n\n\n\n<p><strong>F\u00eate de la musique 2024.<\/strong> <strong>21 juin 2024<\/strong><\/p>\n\n\n\n<figure class=\"wp-block-image size-large is-resized\"><img loading=\"lazy\" decoding=\"async\" width=\"1024\" height=\"679\" src=\"https:\/\/musiqueautemple.fr\/wp-content\/uploads\/2024\/06\/Chorea-et-ensemble-Scoda-7-8-9-juin-2024-1024x679.jpg\" alt=\"\" class=\"wp-image-5646\" style=\"width:649px;height:auto\" srcset=\"https:\/\/musiqueautemple.fr\/wp-content\/uploads\/2024\/06\/Chorea-et-ensemble-Scoda-7-8-9-juin-2024-1024x679.jpg 1024w, https:\/\/musiqueautemple.fr\/wp-content\/uploads\/2024\/06\/Chorea-et-ensemble-Scoda-7-8-9-juin-2024-300x199.jpg 300w, https:\/\/musiqueautemple.fr\/wp-content\/uploads\/2024\/06\/Chorea-et-ensemble-Scoda-7-8-9-juin-2024-768x509.jpg 768w, https:\/\/musiqueautemple.fr\/wp-content\/uploads\/2024\/06\/Chorea-et-ensemble-Scoda-7-8-9-juin-2024-1536x1018.jpg 1536w, https:\/\/musiqueautemple.fr\/wp-content\/uploads\/2024\/06\/Chorea-et-ensemble-Scoda-7-8-9-juin-2024-2048x1357.jpg 2048w, https:\/\/musiqueautemple.fr\/wp-content\/uploads\/2024\/06\/Chorea-et-ensemble-Scoda-7-8-9-juin-2024-900x596.jpg 900w, https:\/\/musiqueautemple.fr\/wp-content\/uploads\/2024\/06\/Chorea-et-ensemble-Scoda-7-8-9-juin-2024-1280x848.jpg 1280w\" sizes=\"auto, (max-width: 1024px) 100vw, 1024px\" \/><\/figure>\n\n\n\n<p><strong>Concert CHOREA et ensemble de cordes SCORDA de Tours. Direct. Olivier FAES et Martial DJEBRE.               7-8-9 juin 2024<\/strong><\/p>\n\n\n\n<figure class=\"wp-block-image size-large is-resized\"><img loading=\"lazy\" decoding=\"async\" width=\"1024\" height=\"607\" src=\"https:\/\/musiqueautemple.fr\/wp-content\/uploads\/2024\/06\/1-juin-2024-Ens-Passerelles-dir-Mathieu-Bolcato-1-1024x607.jpg\" alt=\"\" class=\"wp-image-5627\" style=\"width:644px;height:auto\" srcset=\"https:\/\/musiqueautemple.fr\/wp-content\/uploads\/2024\/06\/1-juin-2024-Ens-Passerelles-dir-Mathieu-Bolcato-1-1024x607.jpg 1024w, https:\/\/musiqueautemple.fr\/wp-content\/uploads\/2024\/06\/1-juin-2024-Ens-Passerelles-dir-Mathieu-Bolcato-1-300x178.jpg 300w, https:\/\/musiqueautemple.fr\/wp-content\/uploads\/2024\/06\/1-juin-2024-Ens-Passerelles-dir-Mathieu-Bolcato-1-768x456.jpg 768w, https:\/\/musiqueautemple.fr\/wp-content\/uploads\/2024\/06\/1-juin-2024-Ens-Passerelles-dir-Mathieu-Bolcato-1-1536x911.jpg 1536w, https:\/\/musiqueautemple.fr\/wp-content\/uploads\/2024\/06\/1-juin-2024-Ens-Passerelles-dir-Mathieu-Bolcato-1-2048x1215.jpg 2048w, https:\/\/musiqueautemple.fr\/wp-content\/uploads\/2024\/06\/1-juin-2024-Ens-Passerelles-dir-Mathieu-Bolcato-1-900x534.jpg 900w, https:\/\/musiqueautemple.fr\/wp-content\/uploads\/2024\/06\/1-juin-2024-Ens-Passerelles-dir-Mathieu-Bolcato-1-1280x759.jpg 1280w\" sizes=\"auto, (max-width: 1024px) 100vw, 1024px\" \/><\/figure>\n\n\n\n<p><strong>Ensemble vocal \u00ab\u00a0Passerelles\u00a0\u00bb dir. Mathieu BOLCATO. 1ier juin 2024.<\/strong><\/p>\n\n\n\n<p><\/p>\n\n\n\n<figure class=\"wp-block-image size-large is-resized\"><img loading=\"lazy\" decoding=\"async\" width=\"1024\" height=\"690\" src=\"https:\/\/musiqueautemple.fr\/wp-content\/uploads\/2024\/05\/26-mai-2024-M-Vialle-et-E-Vazola-1-1024x690.jpg\" alt=\"\" class=\"wp-image-5606\" style=\"width:656px;height:auto\" srcset=\"https:\/\/musiqueautemple.fr\/wp-content\/uploads\/2024\/05\/26-mai-2024-M-Vialle-et-E-Vazola-1-1024x690.jpg 1024w, https:\/\/musiqueautemple.fr\/wp-content\/uploads\/2024\/05\/26-mai-2024-M-Vialle-et-E-Vazola-1-300x202.jpg 300w, https:\/\/musiqueautemple.fr\/wp-content\/uploads\/2024\/05\/26-mai-2024-M-Vialle-et-E-Vazola-1-768x518.jpg 768w, https:\/\/musiqueautemple.fr\/wp-content\/uploads\/2024\/05\/26-mai-2024-M-Vialle-et-E-Vazola-1-1536x1036.jpg 1536w, https:\/\/musiqueautemple.fr\/wp-content\/uploads\/2024\/05\/26-mai-2024-M-Vialle-et-E-Vazola-1-2048x1381.jpg 2048w, https:\/\/musiqueautemple.fr\/wp-content\/uploads\/2024\/05\/26-mai-2024-M-Vialle-et-E-Vazola-1-900x607.jpg 900w, https:\/\/musiqueautemple.fr\/wp-content\/uploads\/2024\/05\/26-mai-2024-M-Vialle-et-E-Vazola-1-1280x863.jpg 1280w\" sizes=\"auto, (max-width: 1024px) 100vw, 1024px\" \/><\/figure>\n\n\n\n<p><strong>Mathilde VIALLE et Etienne BAZOLA, le 26 mai 2024<\/strong><\/p>\n\n\n\n<p><\/p>\n\n\n\n<figure class=\"wp-block-image size-large\"><img loading=\"lazy\" decoding=\"async\" width=\"1024\" height=\"359\" src=\"https:\/\/musiqueautemple.fr\/wp-content\/uploads\/2023\/12\/Ens-praxone-17-dec-2023-1024x359.jpg\" alt=\"\" class=\"wp-image-5323\" srcset=\"https:\/\/musiqueautemple.fr\/wp-content\/uploads\/2023\/12\/Ens-praxone-17-dec-2023-1024x359.jpg 1024w, https:\/\/musiqueautemple.fr\/wp-content\/uploads\/2023\/12\/Ens-praxone-17-dec-2023-300x105.jpg 300w, https:\/\/musiqueautemple.fr\/wp-content\/uploads\/2023\/12\/Ens-praxone-17-dec-2023-768x269.jpg 768w, https:\/\/musiqueautemple.fr\/wp-content\/uploads\/2023\/12\/Ens-praxone-17-dec-2023-1536x539.jpg 1536w, https:\/\/musiqueautemple.fr\/wp-content\/uploads\/2023\/12\/Ens-praxone-17-dec-2023-2048x719.jpg 2048w, https:\/\/musiqueautemple.fr\/wp-content\/uploads\/2023\/12\/Ens-praxone-17-dec-2023-900x316.jpg 900w, https:\/\/musiqueautemple.fr\/wp-content\/uploads\/2023\/12\/Ens-praxone-17-dec-2023-1280x449.jpg 1280w\" sizes=\"auto, (max-width: 1024px) 100vw, 1024px\" \/><\/figure>\n\n\n\n<p><strong>Ensemble vocal PRAXINO\u00cb, direction S\u00e9bastien DURAND. 17 d\u00e9cembre 2023<\/strong><\/p>\n\n\n<div class=\"wp-block-image\">\n<figure class=\"aligncenter size-full is-resized\"><img decoding=\"async\" src=\"https:\/\/musiqueautemple.fr\/wp-content\/uploads\/2023\/12\/la-rose-ecarlate-10-decembre-2023.png\" alt=\"\" class=\"wp-image-5304\" style=\"width:163px;height:auto\"\/><\/figure>\n<\/div>\n\n\n<figure class=\"wp-block-image size-large is-resized\"><img loading=\"lazy\" decoding=\"async\" width=\"816\" height=\"1024\" src=\"https:\/\/musiqueautemple.fr\/wp-content\/uploads\/2023\/12\/Alice-Dieval-21-juin-23-816x1024.jpg\" alt=\"\" class=\"wp-image-5305\" style=\"width:414px;height:auto\" srcset=\"https:\/\/musiqueautemple.fr\/wp-content\/uploads\/2023\/12\/Alice-Dieval-21-juin-23-816x1024.jpg 816w, https:\/\/musiqueautemple.fr\/wp-content\/uploads\/2023\/12\/Alice-Dieval-21-juin-23-239x300.jpg 239w, https:\/\/musiqueautemple.fr\/wp-content\/uploads\/2023\/12\/Alice-Dieval-21-juin-23-768x963.jpg 768w, https:\/\/musiqueautemple.fr\/wp-content\/uploads\/2023\/12\/Alice-Dieval-21-juin-23.jpg 861w\" sizes=\"auto, (max-width: 816px) 100vw, 816px\" \/><\/figure>\n\n\n\n<p><strong>Alice DIEVAL, lecture d&rsquo;extraits de la BD \u00ab\u00a0la rose \u00e9carlate\u00a0\u00bb accompagn\u00e9e en musique, dimanche 10 d\u00e9cembre 2023<\/strong><\/p>\n\n\n\n<p><\/p>\n\n\n\n<figure class=\"wp-block-image size-large is-resized\"><img loading=\"lazy\" decoding=\"async\" width=\"711\" height=\"1024\" src=\"https:\/\/musiqueautemple.fr\/wp-content\/uploads\/2023\/12\/3-decembre-2023-JM-Mestre-et-Anna-Baquet-1-711x1024.jpg\" alt=\"\" class=\"wp-image-5294\" style=\"width:440px;height:auto\" srcset=\"https:\/\/musiqueautemple.fr\/wp-content\/uploads\/2023\/12\/3-decembre-2023-JM-Mestre-et-Anna-Baquet-1-711x1024.jpg 711w, https:\/\/musiqueautemple.fr\/wp-content\/uploads\/2023\/12\/3-decembre-2023-JM-Mestre-et-Anna-Baquet-1-208x300.jpg 208w, https:\/\/musiqueautemple.fr\/wp-content\/uploads\/2023\/12\/3-decembre-2023-JM-Mestre-et-Anna-Baquet-1-768x1105.jpg 768w, https:\/\/musiqueautemple.fr\/wp-content\/uploads\/2023\/12\/3-decembre-2023-JM-Mestre-et-Anna-Baquet-1-1067x1536.jpg 1067w, https:\/\/musiqueautemple.fr\/wp-content\/uploads\/2023\/12\/3-decembre-2023-JM-Mestre-et-Anna-Baquet-1-1423x2048.jpg 1423w, https:\/\/musiqueautemple.fr\/wp-content\/uploads\/2023\/12\/3-decembre-2023-JM-Mestre-et-Anna-Baquet-1-900x1295.jpg 900w, https:\/\/musiqueautemple.fr\/wp-content\/uploads\/2023\/12\/3-decembre-2023-JM-Mestre-et-Anna-Baquet-1-1280x1842.jpg 1280w, https:\/\/musiqueautemple.fr\/wp-content\/uploads\/2023\/12\/3-decembre-2023-JM-Mestre-et-Anna-Baquet-1-scaled.jpg 1779w\" sizes=\"auto, (max-width: 711px) 100vw, 711px\" \/><\/figure>\n\n\n\n<p><strong>Jean-Michel MESTRE (orgue) et Ana BAQUET (soprane). 3 d\u00e9cembre 2023<\/strong><\/p>\n\n\n\n<figure class=\"wp-block-image size-large is-resized\"><img loading=\"lazy\" decoding=\"async\" width=\"1024\" height=\"1024\" src=\"https:\/\/musiqueautemple.fr\/wp-content\/uploads\/2023\/11\/23-NOV-23-JOHN-MITCHEL-et-ensembbe-PANEML-1-1024x1024.jpg\" alt=\"John MITCHELL et Jez FIELDER (en haut de gauche \u00e0 droite) et l'ensemble PANEM;\" class=\"wp-image-5275\" style=\"width:602px;height:auto\" srcset=\"https:\/\/musiqueautemple.fr\/wp-content\/uploads\/2023\/11\/23-NOV-23-JOHN-MITCHEL-et-ensembbe-PANEML-1-1024x1024.jpg 1024w, https:\/\/musiqueautemple.fr\/wp-content\/uploads\/2023\/11\/23-NOV-23-JOHN-MITCHEL-et-ensembbe-PANEML-1-300x300.jpg 300w, https:\/\/musiqueautemple.fr\/wp-content\/uploads\/2023\/11\/23-NOV-23-JOHN-MITCHEL-et-ensembbe-PANEML-1-150x150.jpg 150w, https:\/\/musiqueautemple.fr\/wp-content\/uploads\/2023\/11\/23-NOV-23-JOHN-MITCHEL-et-ensembbe-PANEML-1-768x768.jpg 768w, https:\/\/musiqueautemple.fr\/wp-content\/uploads\/2023\/11\/23-NOV-23-JOHN-MITCHEL-et-ensembbe-PANEML-1-1536x1536.jpg 1536w, https:\/\/musiqueautemple.fr\/wp-content\/uploads\/2023\/11\/23-NOV-23-JOHN-MITCHEL-et-ensembbe-PANEML-1-2048x2048.jpg 2048w, https:\/\/musiqueautemple.fr\/wp-content\/uploads\/2023\/11\/23-NOV-23-JOHN-MITCHEL-et-ensembbe-PANEML-1-88x88.jpg 88w, https:\/\/musiqueautemple.fr\/wp-content\/uploads\/2023\/11\/23-NOV-23-JOHN-MITCHEL-et-ensembbe-PANEML-1-900x900.jpg 900w, https:\/\/musiqueautemple.fr\/wp-content\/uploads\/2023\/11\/23-NOV-23-JOHN-MITCHEL-et-ensembbe-PANEML-1-1280x1280.jpg 1280w\" sizes=\"auto, (max-width: 1024px) 100vw, 1024px\" \/><\/figure>\n\n\n\n<p class=\"has-small-font-size\"><strong>En haut (de gauche \u00e0 droite): John MITCHELL et Jez FIELDER. En bas, Ensemble PANEM. 23 novembre 2023.<\/strong><\/p>\n\n\n\n<figure class=\"wp-block-image\"><img loading=\"lazy\" decoding=\"async\" width=\"588\" height=\"286\" src=\"https:\/\/musiqueautemple.fr\/wp-content\/uploads\/2023\/10\/r\u00e9p\u00e9titions-concerts-dautomne-en-Consonance.jpg\" alt=\"\" class=\"wp-image-5217\" srcset=\"https:\/\/musiqueautemple.fr\/wp-content\/uploads\/2023\/10\/r\u00e9p\u00e9titions-concerts-dautomne-en-Consonance.jpg 588w, https:\/\/musiqueautemple.fr\/wp-content\/uploads\/2023\/10\/r\u00e9p\u00e9titions-concerts-dautomne-en-Consonance-300x146.jpg 300w\" sizes=\"auto, (max-width: 588px) 100vw, 588px\" \/><figcaption class=\"wp-element-caption\"><strong>Classe de l&rsquo;\u00e9cole primaire St Agn\u00e8s pr\u00e9sente \u00e0 la r\u00e9p\u00e9tition de l&rsquo;Ensemble Consonance.  dans le cadre des concerts d&rsquo;automne. 20 octobre 2023.<\/strong><\/figcaption><\/figure>\n\n\n\n<figure class=\"wp-block-image is-resized\"><img loading=\"lazy\" decoding=\"async\" width=\"1024\" height=\"917\" src=\"https:\/\/musiqueautemple.fr\/wp-content\/uploads\/2023\/10\/Musica-Barroca-15-oct-2026-1024x917.jpg\" alt=\"\" class=\"wp-image-5193\" style=\"width:502px;height:449px\" srcset=\"https:\/\/musiqueautemple.fr\/wp-content\/uploads\/2023\/10\/Musica-Barroca-15-oct-2026-1024x917.jpg 1024w, https:\/\/musiqueautemple.fr\/wp-content\/uploads\/2023\/10\/Musica-Barroca-15-oct-2026-300x269.jpg 300w, https:\/\/musiqueautemple.fr\/wp-content\/uploads\/2023\/10\/Musica-Barroca-15-oct-2026-768x688.jpg 768w, https:\/\/musiqueautemple.fr\/wp-content\/uploads\/2023\/10\/Musica-Barroca-15-oct-2026-900x806.jpg 900w, https:\/\/musiqueautemple.fr\/wp-content\/uploads\/2023\/10\/Musica-Barroca-15-oct-2026-1280x1146.jpg 1280w\" sizes=\"auto, (max-width: 1024px) 100vw, 1024px\" \/><figcaption class=\"wp-element-caption\"><strong>Trio MUSICA BAROCCA. <\/strong>Nadine DRAUX (soprane), Corinne BERNARD (r\u00e9citante), Denise BLANC (clavier et direction des \u00ab\u00a0Chanteurs de Chevarnay). 15 octobre 2023.<\/figcaption><\/figure>\n\n\n\n<figure class=\"wp-block-image is-resized\"><img loading=\"lazy\" decoding=\"async\" width=\"1024\" height=\"768\" src=\"https:\/\/musiqueautemple.fr\/wp-content\/uploads\/2023\/10\/Benjamin-ALARD-1ER-OCTOBRE-2023-1-1024x768.jpg\" alt=\"\" class=\"wp-image-5147\" style=\"width:523px;height:697px\" srcset=\"https:\/\/musiqueautemple.fr\/wp-content\/uploads\/2023\/10\/Benjamin-ALARD-1ER-OCTOBRE-2023-1-1024x768.jpg 1024w, https:\/\/musiqueautemple.fr\/wp-content\/uploads\/2023\/10\/Benjamin-ALARD-1ER-OCTOBRE-2023-1-300x225.jpg 300w, https:\/\/musiqueautemple.fr\/wp-content\/uploads\/2023\/10\/Benjamin-ALARD-1ER-OCTOBRE-2023-1-768x576.jpg 768w, https:\/\/musiqueautemple.fr\/wp-content\/uploads\/2023\/10\/Benjamin-ALARD-1ER-OCTOBRE-2023-1-900x675.jpg 900w, https:\/\/musiqueautemple.fr\/wp-content\/uploads\/2023\/10\/Benjamin-ALARD-1ER-OCTOBRE-2023-1-1280x960.jpg 1280w\" sizes=\"auto, (max-width: 1024px) 100vw, 1024px\" \/><figcaption class=\"wp-element-caption\"><strong>Benjamin ALARD<\/strong>. 1 octobre 2023<\/figcaption><\/figure>\n\n\n\n<figure class=\"wp-block-image is-resized\"><img loading=\"lazy\" decoding=\"async\" width=\"1024\" height=\"749\" src=\"https:\/\/musiqueautemple.fr\/wp-content\/uploads\/2023\/10\/3-ocy-2023-arm\u00e9nie-1024x749.jpg\" alt=\"\" class=\"wp-image-5145\" style=\"width:507px;height:371px\" srcset=\"https:\/\/musiqueautemple.fr\/wp-content\/uploads\/2023\/10\/3-ocy-2023-arm\u00e9nie-1024x749.jpg 1024w, https:\/\/musiqueautemple.fr\/wp-content\/uploads\/2023\/10\/3-ocy-2023-arm\u00e9nie-300x219.jpg 300w, https:\/\/musiqueautemple.fr\/wp-content\/uploads\/2023\/10\/3-ocy-2023-arm\u00e9nie-768x562.jpg 768w, https:\/\/musiqueautemple.fr\/wp-content\/uploads\/2023\/10\/3-ocy-2023-arm\u00e9nie-900x658.jpg 900w, https:\/\/musiqueautemple.fr\/wp-content\/uploads\/2023\/10\/3-ocy-2023-arm\u00e9nie-1280x936.jpg 1280w\" sizes=\"auto, (max-width: 1024px) 100vw, 1024px\" \/><figcaption class=\"wp-element-caption\"> <br><strong>Maroussia GALSTYAN &nbsp;<\/strong> (chant)<strong>, Gr\u00e9goire TOROSSIAN <\/strong>(violon) <strong>et J\u00e9r\u00f4me FREJAVILLE<\/strong> (piano).  3 octobre 2023<br><\/figcaption><\/figure>\n\n\n\n<figure class=\"wp-block-image is-resized\"><img loading=\"lazy\" decoding=\"async\" width=\"1024\" height=\"768\" src=\"https:\/\/musiqueautemple.fr\/wp-content\/uploads\/2023\/09\/Journ\u00e9e-du-patrimoine-17-et-18-septembre-2023-G\u00e9rard-PROUST-1024x768.jpg\" alt=\"\" class=\"wp-image-5126\" style=\"width:498px;height:663px\" srcset=\"https:\/\/musiqueautemple.fr\/wp-content\/uploads\/2023\/09\/Journ\u00e9e-du-patrimoine-17-et-18-septembre-2023-G\u00e9rard-PROUST-1024x768.jpg 1024w, https:\/\/musiqueautemple.fr\/wp-content\/uploads\/2023\/09\/Journ\u00e9e-du-patrimoine-17-et-18-septembre-2023-G\u00e9rard-PROUST-300x225.jpg 300w, https:\/\/musiqueautemple.fr\/wp-content\/uploads\/2023\/09\/Journ\u00e9e-du-patrimoine-17-et-18-septembre-2023-G\u00e9rard-PROUST-768x576.jpg 768w, https:\/\/musiqueautemple.fr\/wp-content\/uploads\/2023\/09\/Journ\u00e9e-du-patrimoine-17-et-18-septembre-2023-G\u00e9rard-PROUST-900x675.jpg 900w, https:\/\/musiqueautemple.fr\/wp-content\/uploads\/2023\/09\/Journ\u00e9e-du-patrimoine-17-et-18-septembre-2023-G\u00e9rard-PROUST-1280x960.jpg 1280w\" sizes=\"auto, (max-width: 1024px) 100vw, 1024px\" \/><figcaption class=\"wp-element-caption\"><strong>Journ\u00e9es du patrimoine 17 et 18 septembre 2013, pr\u00e9sentation et audition de l&rsquo;orgue. G\u00e9rard PROUST<\/strong><\/figcaption><\/figure>\n\n\n\n<figure class=\"wp-block-image is-resized\"><img loading=\"lazy\" decoding=\"async\" width=\"1024\" height=\"806\" src=\"https:\/\/musiqueautemple.fr\/wp-content\/uploads\/2023\/09\/Alice-et-Mathilde-10-sept-2023-1024x806.jpg\" alt=\"\" class=\"wp-image-5103\" style=\"width:562px;height:442px\" srcset=\"https:\/\/musiqueautemple.fr\/wp-content\/uploads\/2023\/09\/Alice-et-Mathilde-10-sept-2023-1024x806.jpg 1024w, https:\/\/musiqueautemple.fr\/wp-content\/uploads\/2023\/09\/Alice-et-Mathilde-10-sept-2023-300x236.jpg 300w, https:\/\/musiqueautemple.fr\/wp-content\/uploads\/2023\/09\/Alice-et-Mathilde-10-sept-2023-768x605.jpg 768w, https:\/\/musiqueautemple.fr\/wp-content\/uploads\/2023\/09\/Alice-et-Mathilde-10-sept-2023-900x709.jpg 900w, https:\/\/musiqueautemple.fr\/wp-content\/uploads\/2023\/09\/Alice-et-Mathilde-10-sept-2023-1280x1008.jpg 1280w, https:\/\/musiqueautemple.fr\/wp-content\/uploads\/2023\/09\/Alice-et-Mathilde-10-sept-2023.jpg 1966w\" sizes=\"auto, (max-width: 1024px) 100vw, 1024px\" \/><figcaption class=\"wp-element-caption\">Duo Coloquinte. <strong>Alice JULIEN-LAFERRIERE <\/strong>(violon) et <strong>Mathilde VIALLE<\/strong>  (Viole de gambe). 10 septembre 2023<\/figcaption><\/figure>\n\n\n\n<figure class=\"wp-block-image\"><img loading=\"lazy\" decoding=\"async\" width=\"1024\" height=\"554\" src=\"https:\/\/musiqueautemple.fr\/wp-content\/uploads\/2023\/08\/Concert-19-aout-2023-1024x554.jpg\" alt=\"\" class=\"wp-image-5047\" srcset=\"https:\/\/musiqueautemple.fr\/wp-content\/uploads\/2023\/08\/Concert-19-aout-2023-1024x554.jpg 1024w, https:\/\/musiqueautemple.fr\/wp-content\/uploads\/2023\/08\/Concert-19-aout-2023-300x162.jpg 300w, https:\/\/musiqueautemple.fr\/wp-content\/uploads\/2023\/08\/Concert-19-aout-2023-768x415.jpg 768w, https:\/\/musiqueautemple.fr\/wp-content\/uploads\/2023\/08\/Concert-19-aout-2023-900x487.jpg 900w, https:\/\/musiqueautemple.fr\/wp-content\/uploads\/2023\/08\/Concert-19-aout-2023-1280x692.jpg 1280w\" sizes=\"auto, (max-width: 1024px) 100vw, 1024px\" \/><figcaption class=\"wp-element-caption\"> <br><strong>Young-HEE KIM <\/strong>(soprane), <strong>Dominique VISSE <\/strong>(haute-contre), <strong>Yoann MOULIN<\/strong> (clavecin et orgue), <strong>Benjamin GARNIER<\/strong> (violoncelle).  Le 19 ao\u00fbt 2023<\/figcaption><\/figure>\n\n\n\n<figure class=\"wp-block-image is-resized\"><img decoding=\"async\" src=\"https:\/\/musiqueautemple.fr\/wp-content\/uploads\/2023\/07\/Fran\u00e7ois-Cornu-830x1024.jpg\" alt=\"\" class=\"wp-image-4935\" style=\"width:327px;height:404px\"\/><figcaption class=\"wp-element-caption\"><strong>Fran\u00e7ois CORNU. Piano au Temple du dimanche  16 au vendredi 21 juillet 2013.<\/strong><\/figcaption><\/figure>\n\n\n<div class=\"wp-block-image\">\n<figure class=\"alignright is-resized\"><img loading=\"lazy\" decoding=\"async\" width=\"661\" height=\"1024\" src=\"https:\/\/musiqueautemple.fr\/wp-content\/uploads\/2023\/07\/Emile-Secheret-16-juillet-2023-661x1024.jpg\" alt=\"\" class=\"wp-image-4913\" style=\"width:225px;height:349px\" srcset=\"https:\/\/musiqueautemple.fr\/wp-content\/uploads\/2023\/07\/Emile-Secheret-16-juillet-2023-661x1024.jpg 661w, https:\/\/musiqueautemple.fr\/wp-content\/uploads\/2023\/07\/Emile-Secheret-16-juillet-2023-194x300.jpg 194w, https:\/\/musiqueautemple.fr\/wp-content\/uploads\/2023\/07\/Emile-Secheret-16-juillet-2023-768x1191.jpg 768w, https:\/\/musiqueautemple.fr\/wp-content\/uploads\/2023\/07\/Emile-Secheret-16-juillet-2023-900x1395.jpg 900w, https:\/\/musiqueautemple.fr\/wp-content\/uploads\/2023\/07\/Emile-Secheret-16-juillet-2023-1280x1984.jpg 1280w\" sizes=\"auto, (max-width: 661px) 100vw, 661px\" \/><figcaption class=\"wp-element-caption\"><strong>Emile SECHERET. Concert du 16 juillet 2023.<\/strong><\/figcaption><\/figure>\n<\/div>\n\n\n<figure class=\"wp-block-image is-resized\"><img loading=\"lazy\" decoding=\"async\" width=\"727\" height=\"1024\" src=\"https:\/\/musiqueautemple.fr\/wp-content\/uploads\/2023\/07\/Coralie-AMEDHKANE-concert-le-9-juillet-2023-727x1024.jpg\" alt=\"\" class=\"wp-image-4899\" style=\"width:235px;height:330px\" srcset=\"https:\/\/musiqueautemple.fr\/wp-content\/uploads\/2023\/07\/Coralie-AMEDHKANE-concert-le-9-juillet-2023-727x1024.jpg 727w, https:\/\/musiqueautemple.fr\/wp-content\/uploads\/2023\/07\/Coralie-AMEDHKANE-concert-le-9-juillet-2023-213x300.jpg 213w, https:\/\/musiqueautemple.fr\/wp-content\/uploads\/2023\/07\/Coralie-AMEDHKANE-concert-le-9-juillet-2023-768x1082.jpg 768w, https:\/\/musiqueautemple.fr\/wp-content\/uploads\/2023\/07\/Coralie-AMEDHKANE-concert-le-9-juillet-2023-900x1268.jpg 900w, https:\/\/musiqueautemple.fr\/wp-content\/uploads\/2023\/07\/Coralie-AMEDHKANE-concert-le-9-juillet-2023-1280x1803.jpg 1280w\" sizes=\"auto, (max-width: 727px) 100vw, 727px\" \/><figcaption class=\"wp-element-caption\"><strong>Coralie AMEDJKNE. Concert du 9  juillet 2023.<\/strong><\/figcaption><\/figure>\n\n\n\n<figure class=\"wp-block-image is-resized\"><img loading=\"lazy\" decoding=\"async\" width=\"1024\" height=\"1024\" src=\"https:\/\/musiqueautemple.fr\/wp-content\/uploads\/2023\/06\/collage-21-juin-2023-1024x1024.jpg\" alt=\"\" class=\"wp-image-4823\" style=\"width:518px;height:518px\" srcset=\"https:\/\/musiqueautemple.fr\/wp-content\/uploads\/2023\/06\/collage-21-juin-2023-1024x1024.jpg 1024w, https:\/\/musiqueautemple.fr\/wp-content\/uploads\/2023\/06\/collage-21-juin-2023-150x150.jpg 150w, https:\/\/musiqueautemple.fr\/wp-content\/uploads\/2023\/06\/collage-21-juin-2023-300x300.jpg 300w, https:\/\/musiqueautemple.fr\/wp-content\/uploads\/2023\/06\/collage-21-juin-2023-768x768.jpg 768w, https:\/\/musiqueautemple.fr\/wp-content\/uploads\/2023\/06\/collage-21-juin-2023-88x88.jpg 88w, https:\/\/musiqueautemple.fr\/wp-content\/uploads\/2023\/06\/collage-21-juin-2023-900x900.jpg 900w, https:\/\/musiqueautemple.fr\/wp-content\/uploads\/2023\/06\/collage-21-juin-2023-1280x1280.jpg 1280w\" sizes=\"auto, (max-width: 1024px) 100vw, 1024px\" \/><figcaption class=\"wp-element-caption\"><strong>La f\u00eate  de la musique au temple 2023. <\/strong><\/figcaption><\/figure>\n\n\n<div class=\"wp-block-image\">\n<figure class=\"aligncenter is-resized\"><img loading=\"lazy\" decoding=\"async\" width=\"1024\" height=\"1014\" src=\"https:\/\/musiqueautemple.fr\/wp-content\/uploads\/2023\/06\/Ensemble-Ozio-Regio-14-juin-2023-1024x1014.jpg\" alt=\"\" class=\"wp-image-4797\" style=\"width:440px;height:435px\" srcset=\"https:\/\/musiqueautemple.fr\/wp-content\/uploads\/2023\/06\/Ensemble-Ozio-Regio-14-juin-2023-1024x1014.jpg 1024w, https:\/\/musiqueautemple.fr\/wp-content\/uploads\/2023\/06\/Ensemble-Ozio-Regio-14-juin-2023-150x150.jpg 150w, https:\/\/musiqueautemple.fr\/wp-content\/uploads\/2023\/06\/Ensemble-Ozio-Regio-14-juin-2023-300x297.jpg 300w, https:\/\/musiqueautemple.fr\/wp-content\/uploads\/2023\/06\/Ensemble-Ozio-Regio-14-juin-2023-768x761.jpg 768w, https:\/\/musiqueautemple.fr\/wp-content\/uploads\/2023\/06\/Ensemble-Ozio-Regio-14-juin-2023-88x88.jpg 88w, https:\/\/musiqueautemple.fr\/wp-content\/uploads\/2023\/06\/Ensemble-Ozio-Regio-14-juin-2023-900x892.jpg 900w, https:\/\/musiqueautemple.fr\/wp-content\/uploads\/2023\/06\/Ensemble-Ozio-Regio-14-juin-2023-1280x1268.jpg 1280w, https:\/\/musiqueautemple.fr\/wp-content\/uploads\/2023\/06\/Ensemble-Ozio-Regio-14-juin-2023.jpg 2032w\" sizes=\"auto, (max-width: 1024px) 100vw, 1024px\" \/><figcaption class=\"wp-element-caption\"><strong>Ensemble OZIO REGIO  <\/strong>de gauche \u00e0 droite :<strong> Anna\u00eblle Blanc-Verdin, Amandine Trenc (soprano), Mathieu Valfr\u00e9 (clavecin et orgue positif). Le 14 juin 2023<\/strong><\/figcaption><\/figure>\n<\/div>\n\n<div class=\"wp-block-image\">\n<figure class=\"alignleft is-resized\"><img loading=\"lazy\" decoding=\"async\" width=\"1024\" height=\"781\" src=\"https:\/\/musiqueautemple.fr\/wp-content\/uploads\/2023\/04\/Concert-les-Salanganes-et-les-Djinns-16-avril-2023-1024x781.jpg\" alt=\"\" class=\"wp-image-4680\" style=\"width:437px;height:332px\" srcset=\"https:\/\/musiqueautemple.fr\/wp-content\/uploads\/2023\/04\/Concert-les-Salanganes-et-les-Djinns-16-avril-2023-1024x781.jpg 1024w, https:\/\/musiqueautemple.fr\/wp-content\/uploads\/2023\/04\/Concert-les-Salanganes-et-les-Djinns-16-avril-2023-300x229.jpg 300w, https:\/\/musiqueautemple.fr\/wp-content\/uploads\/2023\/04\/Concert-les-Salanganes-et-les-Djinns-16-avril-2023-768x586.jpg 768w, https:\/\/musiqueautemple.fr\/wp-content\/uploads\/2023\/04\/Concert-les-Salanganes-et-les-Djinns-16-avril-2023-900x687.jpg 900w, https:\/\/musiqueautemple.fr\/wp-content\/uploads\/2023\/04\/Concert-les-Salanganes-et-les-Djinns-16-avril-2023.jpg 1279w\" sizes=\"auto, (max-width: 1024px) 100vw, 1024px\" \/><figcaption class=\"wp-element-caption\"><strong>Ch\u0153urs \u00ab\u00a0les Salanganes\u00a0\u00bb et \u00ab\u00a0les Djinns\u00a0\u00bb, direction Brigitte Cousin. 4 mars 2023 et 16 avril 2023<\/strong><\/figcaption><\/figure>\n<\/div>\n\n<div class=\"wp-block-image is-resized\">\n<figure class=\"aligncenter\"><img loading=\"lazy\" decoding=\"async\" width=\"1024\" height=\"768\" src=\"https:\/\/musiqueautemple.fr\/wp-content\/uploads\/2023\/04\/1ier-avril-2023-1024x768.jpg\" alt=\"\" class=\"wp-image-4634\" srcset=\"https:\/\/musiqueautemple.fr\/wp-content\/uploads\/2023\/04\/1ier-avril-2023-1024x768.jpg 1024w, https:\/\/musiqueautemple.fr\/wp-content\/uploads\/2023\/04\/1ier-avril-2023-300x225.jpg 300w, https:\/\/musiqueautemple.fr\/wp-content\/uploads\/2023\/04\/1ier-avril-2023-768x576.jpg 768w, https:\/\/musiqueautemple.fr\/wp-content\/uploads\/2023\/04\/1ier-avril-2023-900x675.jpg 900w, https:\/\/musiqueautemple.fr\/wp-content\/uploads\/2023\/04\/1ier-avril-2023-1280x960.jpg 1280w\" sizes=\"auto, (max-width: 1024px) 100vw, 1024px\" \/><figcaption class=\"wp-element-caption\"><strong>\u00ab\u00a0Les violoneuses\u00a0\u00bb. Festival Temps machine-Petit Faucheux.                  1er avril 2023<\/strong><\/figcaption><\/figure>\n<\/div>\n\n\n<figure class=\"wp-block-image is-resized\"><img loading=\"lazy\" decoding=\"async\" width=\"1024\" height=\"1024\" src=\"https:\/\/musiqueautemple.fr\/wp-content\/uploads\/2022\/12\/Concert-18-d\u00e9cembre-2022-1024x1024.jpg\" alt=\"\" class=\"wp-image-4418\" style=\"width:492px;height:492px\" srcset=\"https:\/\/musiqueautemple.fr\/wp-content\/uploads\/2022\/12\/Concert-18-d\u00e9cembre-2022-1024x1024.jpg 1024w, https:\/\/musiqueautemple.fr\/wp-content\/uploads\/2022\/12\/Concert-18-d\u00e9cembre-2022-150x150.jpg 150w, https:\/\/musiqueautemple.fr\/wp-content\/uploads\/2022\/12\/Concert-18-d\u00e9cembre-2022-300x300.jpg 300w, https:\/\/musiqueautemple.fr\/wp-content\/uploads\/2022\/12\/Concert-18-d\u00e9cembre-2022-768x768.jpg 768w, https:\/\/musiqueautemple.fr\/wp-content\/uploads\/2022\/12\/Concert-18-d\u00e9cembre-2022-88x88.jpg 88w, https:\/\/musiqueautemple.fr\/wp-content\/uploads\/2022\/12\/Concert-18-d\u00e9cembre-2022-900x900.jpg 900w, https:\/\/musiqueautemple.fr\/wp-content\/uploads\/2022\/12\/Concert-18-d\u00e9cembre-2022-1280x1280.jpg 1280w\" sizes=\"auto, (max-width: 1024px) 100vw, 1024px\" \/><figcaption class=\"wp-element-caption\"><strong>Alice DIEVAL (orgue) et David HUBERT (trompettes) le 18 d\u00e9cembre 2022<\/strong><\/figcaption><\/figure>\n\n\n<div class=\"wp-block-image\">\n<figure class=\"alignright is-resized\"><img loading=\"lazy\" decoding=\"async\" width=\"1024\" height=\"668\" src=\"https:\/\/musiqueautemple.fr\/wp-content\/uploads\/2020\/04\/Concert-du-11-d\u00e9cembre-2022-Denis-Arseneaud-et-Maxime-S\u00e9ror-1024x668.jpg\" alt=\"\" class=\"wp-image-4414\" style=\"width:486px;height:317px\" srcset=\"https:\/\/musiqueautemple.fr\/wp-content\/uploads\/2020\/04\/Concert-du-11-d\u00e9cembre-2022-Denis-Arseneaud-et-Maxime-S\u00e9ror-1024x668.jpg 1024w, https:\/\/musiqueautemple.fr\/wp-content\/uploads\/2020\/04\/Concert-du-11-d\u00e9cembre-2022-Denis-Arseneaud-et-Maxime-S\u00e9ror-300x196.jpg 300w, https:\/\/musiqueautemple.fr\/wp-content\/uploads\/2020\/04\/Concert-du-11-d\u00e9cembre-2022-Denis-Arseneaud-et-Maxime-S\u00e9ror-768x501.jpg 768w, https:\/\/musiqueautemple.fr\/wp-content\/uploads\/2020\/04\/Concert-du-11-d\u00e9cembre-2022-Denis-Arseneaud-et-Maxime-S\u00e9ror-900x587.jpg 900w, https:\/\/musiqueautemple.fr\/wp-content\/uploads\/2020\/04\/Concert-du-11-d\u00e9cembre-2022-Denis-Arseneaud-et-Maxime-S\u00e9ror-1280x835.jpg 1280w\" sizes=\"auto, (max-width: 1024px) 100vw, 1024px\" \/><figcaption class=\"wp-element-caption\"><strong>Denis ARSENAUD (dlavier)  et Maxime SEROR (batterie),  le 11 d\u00e9cembre 2022<\/strong><\/figcaption><\/figure>\n<\/div>\n\n\n<p><\/p>\n\n\n<div class=\"wp-block-image\">\n<figure class=\"alignleft is-resized\"><img loading=\"lazy\" decoding=\"async\" width=\"703\" height=\"661\" src=\"https:\/\/musiqueautemple.fr\/wp-content\/uploads\/2022\/12\/4-d\u00e9c-22-ELAVAVEVA.jpg\" alt=\"\" class=\"wp-image-4392\" style=\"width:485px;height:456px\" srcset=\"https:\/\/musiqueautemple.fr\/wp-content\/uploads\/2022\/12\/4-d\u00e9c-22-ELAVAVEVA.jpg 703w, https:\/\/musiqueautemple.fr\/wp-content\/uploads\/2022\/12\/4-d\u00e9c-22-ELAVAVEVA-300x282.jpg 300w\" sizes=\"auto, (max-width: 703px) 100vw, 703px\" \/><figcaption class=\"wp-element-caption\"><strong>Ensemble ELANAVEVA direction Isabelle Fa\u00ebs, le 4 d\u00e9cembre 2022<\/strong><\/figcaption><\/figure>\n<\/div>\n\n\n<p><\/p>\n\n\n<div class=\"wp-block-image\">\n<figure class=\"aligncenter is-resized\"><img loading=\"lazy\" decoding=\"async\" width=\"1024\" height=\"943\" src=\"https:\/\/musiqueautemple.fr\/wp-content\/uploads\/2022\/11\/Samuel-Garcia-27-nov-2022-1024x943.jpg\" alt=\"\" class=\"wp-image-4374\" style=\"width:427px;height:392px\" srcset=\"https:\/\/musiqueautemple.fr\/wp-content\/uploads\/2022\/11\/Samuel-Garcia-27-nov-2022-1024x943.jpg 1024w, https:\/\/musiqueautemple.fr\/wp-content\/uploads\/2022\/11\/Samuel-Garcia-27-nov-2022-300x276.jpg 300w, https:\/\/musiqueautemple.fr\/wp-content\/uploads\/2022\/11\/Samuel-Garcia-27-nov-2022-768x708.jpg 768w, https:\/\/musiqueautemple.fr\/wp-content\/uploads\/2022\/11\/Samuel-Garcia-27-nov-2022-900x829.jpg 900w, https:\/\/musiqueautemple.fr\/wp-content\/uploads\/2022\/11\/Samuel-Garcia-27-nov-2022-1280x1179.jpg 1280w\" sizes=\"auto, (max-width: 1024px) 100vw, 1024px\" \/><figcaption class=\"wp-element-caption\"><strong>Concert Samuel GARCIA le 27 novembre 2022<\/strong><\/figcaption><\/figure>\n<\/div>\n\n<div class=\"wp-block-image\">\n<figure class=\"alignleft is-resized\"><img loading=\"lazy\" decoding=\"async\" width=\"1024\" height=\"1013\" src=\"https:\/\/musiqueautemple.fr\/wp-content\/uploads\/2022\/11\/20-nov-2022-concert-de-Chabrier-Atelier-XXI-1024x1013.jpg\" alt=\"\" class=\"wp-image-4351\" style=\"width:449px;height:444px\" srcset=\"https:\/\/musiqueautemple.fr\/wp-content\/uploads\/2022\/11\/20-nov-2022-concert-de-Chabrier-Atelier-XXI-1024x1013.jpg 1024w, https:\/\/musiqueautemple.fr\/wp-content\/uploads\/2022\/11\/20-nov-2022-concert-de-Chabrier-Atelier-XXI-300x297.jpg 300w, https:\/\/musiqueautemple.fr\/wp-content\/uploads\/2022\/11\/20-nov-2022-concert-de-Chabrier-Atelier-XXI-768x759.jpg 768w, https:\/\/musiqueautemple.fr\/wp-content\/uploads\/2022\/11\/20-nov-2022-concert-de-Chabrier-Atelier-XXI-88x88.jpg 88w, https:\/\/musiqueautemple.fr\/wp-content\/uploads\/2022\/11\/20-nov-2022-concert-de-Chabrier-Atelier-XXI-900x890.jpg 900w, https:\/\/musiqueautemple.fr\/wp-content\/uploads\/2022\/11\/20-nov-2022-concert-de-Chabrier-Atelier-XXI-1280x1266.jpg 1280w\" sizes=\"auto, (max-width: 1024px) 100vw, 1024px\" \/><figcaption class=\"wp-element-caption\"><strong>Concert de Chabrier Atelier XXI, direction D. Malmasson le 20 novembre 2022.<\/strong><\/figcaption><\/figure>\n<\/div>\n\n<div class=\"wp-block-image\">\n<figure class=\"aligncenter is-resized\"><img loading=\"lazy\" decoding=\"async\" width=\"736\" height=\"1024\" src=\"https:\/\/musiqueautemple.fr\/wp-content\/uploads\/2022\/10\/Vincent-GRAPPY-2-oct-2022-736x1024.jpg\" alt=\"\" class=\"wp-image-4264\" style=\"width:396px;height:551px\" srcset=\"https:\/\/musiqueautemple.fr\/wp-content\/uploads\/2022\/10\/Vincent-GRAPPY-2-oct-2022-736x1024.jpg 736w, https:\/\/musiqueautemple.fr\/wp-content\/uploads\/2022\/10\/Vincent-GRAPPY-2-oct-2022-216x300.jpg 216w, https:\/\/musiqueautemple.fr\/wp-content\/uploads\/2022\/10\/Vincent-GRAPPY-2-oct-2022-768x1068.jpg 768w, https:\/\/musiqueautemple.fr\/wp-content\/uploads\/2022\/10\/Vincent-GRAPPY-2-oct-2022.jpg 886w\" sizes=\"auto, (max-width: 736px) 100vw, 736px\" \/><figcaption class=\"wp-element-caption\"><strong>Vincent GRAPPY  2 octobre 2022<\/strong><br><\/figcaption><\/figure>\n<\/div>\n\n<div class=\"wp-block-image\">\n<figure class=\"aligncenter is-resized\"><img loading=\"lazy\" decoding=\"async\" width=\"1024\" height=\"768\" src=\"https:\/\/musiqueautemple.fr\/wp-content\/uploads\/2022\/10\/1er-octobre-2022-Pr\u00e9sentation-et-audition-de-lorgue-de-lEglise-ND-La-Riche-Tours-1-1024x768.jpg\" alt=\"\" class=\"wp-image-4276\" style=\"width:436px;height:326px\" srcset=\"https:\/\/musiqueautemple.fr\/wp-content\/uploads\/2022\/10\/1er-octobre-2022-Pr\u00e9sentation-et-audition-de-lorgue-de-lEglise-ND-La-Riche-Tours-1-1024x768.jpg 1024w, https:\/\/musiqueautemple.fr\/wp-content\/uploads\/2022\/10\/1er-octobre-2022-Pr\u00e9sentation-et-audition-de-lorgue-de-lEglise-ND-La-Riche-Tours-1-300x225.jpg 300w, https:\/\/musiqueautemple.fr\/wp-content\/uploads\/2022\/10\/1er-octobre-2022-Pr\u00e9sentation-et-audition-de-lorgue-de-lEglise-ND-La-Riche-Tours-1-768x576.jpg 768w, https:\/\/musiqueautemple.fr\/wp-content\/uploads\/2022\/10\/1er-octobre-2022-Pr\u00e9sentation-et-audition-de-lorgue-de-lEglise-ND-La-Riche-Tours-1-900x675.jpg 900w, https:\/\/musiqueautemple.fr\/wp-content\/uploads\/2022\/10\/1er-octobre-2022-Pr\u00e9sentation-et-audition-de-lorgue-de-lEglise-ND-La-Riche-Tours-1-1280x960.jpg 1280w\" sizes=\"auto, (max-width: 1024px) 100vw, 1024px\" \/><figcaption class=\"wp-element-caption\"><strong>Audition et pr\u00e9sentation de l&rsquo;orgue de l&rsquo;Eglise ND la Riche<\/strong> <\/figcaption><\/figure>\n<\/div>\n\n\n<figure class=\"wp-block-image is-resized\"><img loading=\"lazy\" decoding=\"async\" width=\"668\" height=\"1024\" src=\"https:\/\/musiqueautemple.fr\/wp-content\/uploads\/2022\/10\/Journ\u00e9es-du-patrimoine-2022-668x1024.jpg\" alt=\"\" class=\"wp-image-4274\" style=\"width:414px;height:634px\" srcset=\"https:\/\/musiqueautemple.fr\/wp-content\/uploads\/2022\/10\/Journ\u00e9es-du-patrimoine-2022-668x1024.jpg 668w, https:\/\/musiqueautemple.fr\/wp-content\/uploads\/2022\/10\/Journ\u00e9es-du-patrimoine-2022-196x300.jpg 196w, https:\/\/musiqueautemple.fr\/wp-content\/uploads\/2022\/10\/Journ\u00e9es-du-patrimoine-2022-768x1177.jpg 768w, https:\/\/musiqueautemple.fr\/wp-content\/uploads\/2022\/10\/Journ\u00e9es-du-patrimoine-2022-900x1380.jpg 900w, https:\/\/musiqueautemple.fr\/wp-content\/uploads\/2022\/10\/Journ\u00e9es-du-patrimoine-2022-1280x1962.jpg 1280w\" sizes=\"auto, (max-width: 668px) 100vw, 668px\" \/><figcaption class=\"wp-element-caption\"><strong>Pr\u00e9sentation et audition de l&rsquo;orgue du temple durant les journ\u00e9es europ\u00e9ennes du patrimoine des 16-17 septembre 2022<\/strong><\/figcaption><\/figure>\n\n\n<div class=\"wp-block-image\">\n<figure class=\"aligncenter is-resized\"><img loading=\"lazy\" decoding=\"async\" width=\"751\" height=\"1024\" src=\"https:\/\/musiqueautemple.fr\/wp-content\/uploads\/2022\/07\/17-juillet-2022-Anne-Isabelle-de-Parcevaux-751x1024.jpg\" alt=\"\" class=\"wp-image-4109\" style=\"width:316px;height:429px\" srcset=\"https:\/\/musiqueautemple.fr\/wp-content\/uploads\/2022\/07\/17-juillet-2022-Anne-Isabelle-de-Parcevaux-751x1024.jpg 751w, https:\/\/musiqueautemple.fr\/wp-content\/uploads\/2022\/07\/17-juillet-2022-Anne-Isabelle-de-Parcevaux-220x300.jpg 220w, https:\/\/musiqueautemple.fr\/wp-content\/uploads\/2022\/07\/17-juillet-2022-Anne-Isabelle-de-Parcevaux-768x1047.jpg 768w, https:\/\/musiqueautemple.fr\/wp-content\/uploads\/2022\/07\/17-juillet-2022-Anne-Isabelle-de-Parcevaux-900x1226.jpg 900w, https:\/\/musiqueautemple.fr\/wp-content\/uploads\/2022\/07\/17-juillet-2022-Anne-Isabelle-de-Parcevaux-1280x1744.jpg 1280w\" sizes=\"auto, (max-width: 751px) 100vw, 751px\" \/><figcaption class=\"wp-element-caption\"><strong>Concert du 17 juillet 2022 Anne-Isabelle de PARCEVAUX<\/strong><br><\/figcaption><\/figure>\n<\/div>\n\n\n<figure class=\"wp-block-embed is-type-video is-provider-youtube wp-block-embed-youtube wp-embed-aspect-16-9 wp-has-aspect-ratio\"><div class=\"wp-block-embed__wrapper\">\n<iframe loading=\"lazy\" title=\"J. PACHELBEL - Toccata in e minor (Anne-Isabelle de Parcevaux, organ)\" width=\"629\" height=\"354\" src=\"https:\/\/www.youtube.com\/embed\/J3ZMPfUvDM0?feature=oembed\" frameborder=\"0\" allow=\"accelerometer; autoplay; clipboard-write; encrypted-media; gyroscope; picture-in-picture; web-share\" referrerpolicy=\"strict-origin-when-cross-origin\" allowfullscreen><\/iframe>\n<\/div><\/figure>\n\n\n<div class=\"wp-block-image\">\n<figure class=\"aligncenter is-resized\"><img loading=\"lazy\" decoding=\"async\" width=\"199\" height=\"300\" src=\"https:\/\/musiqueautemple.fr\/wp-content\/uploads\/2022\/07\/Jean-Michel-Mestre-3-juillet-2022-199x300.jpg\" alt=\"\" class=\"wp-image-4098\" style=\"width:243px;height:366px\" srcset=\"https:\/\/musiqueautemple.fr\/wp-content\/uploads\/2022\/07\/Jean-Michel-Mestre-3-juillet-2022-199x300.jpg 199w, https:\/\/musiqueautemple.fr\/wp-content\/uploads\/2022\/07\/Jean-Michel-Mestre-3-juillet-2022-768x1159.jpg 768w, https:\/\/musiqueautemple.fr\/wp-content\/uploads\/2022\/07\/Jean-Michel-Mestre-3-juillet-2022-678x1024.jpg 678w, https:\/\/musiqueautemple.fr\/wp-content\/uploads\/2022\/07\/Jean-Michel-Mestre-3-juillet-2022-900x1358.jpg 900w, https:\/\/musiqueautemple.fr\/wp-content\/uploads\/2022\/07\/Jean-Michel-Mestre-3-juillet-2022-1280x1932.jpg 1280w, https:\/\/musiqueautemple.fr\/wp-content\/uploads\/2022\/07\/Jean-Michel-Mestre-3-juillet-2022.jpg 1899w\" sizes=\"auto, (max-width: 199px) 100vw, 199px\" \/><figcaption class=\"wp-element-caption\"><strong>Jean-Michel MESTRE le 3 juillet 2022<\/strong><\/figcaption><\/figure>\n<\/div>\n\n<div class=\"wp-block-image\">\n<figure class=\"aligncenter is-resized\"><img loading=\"lazy\" decoding=\"async\" width=\"300\" height=\"300\" src=\"https:\/\/musiqueautemple.fr\/wp-content\/uploads\/2022\/08\/21-JUIN-2022-violon-et-guitares-300x300.jpg\" alt=\"\" class=\"wp-image-4141\" style=\"width:344px;height:344px\" srcset=\"https:\/\/musiqueautemple.fr\/wp-content\/uploads\/2022\/08\/21-JUIN-2022-violon-et-guitares-300x300.jpg 300w, https:\/\/musiqueautemple.fr\/wp-content\/uploads\/2022\/08\/21-JUIN-2022-violon-et-guitares-150x150.jpg 150w, https:\/\/musiqueautemple.fr\/wp-content\/uploads\/2022\/08\/21-JUIN-2022-violon-et-guitares-768x768.jpg 768w, https:\/\/musiqueautemple.fr\/wp-content\/uploads\/2022\/08\/21-JUIN-2022-violon-et-guitares-1024x1024.jpg 1024w, https:\/\/musiqueautemple.fr\/wp-content\/uploads\/2022\/08\/21-JUIN-2022-violon-et-guitares-88x88.jpg 88w, https:\/\/musiqueautemple.fr\/wp-content\/uploads\/2022\/08\/21-JUIN-2022-violon-et-guitares-900x900.jpg 900w, https:\/\/musiqueautemple.fr\/wp-content\/uploads\/2022\/08\/21-JUIN-2022-violon-et-guitares-1280x1280.jpg 1280w\" sizes=\"auto, (max-width: 300px) 100vw, 300px\" \/><figcaption class=\"wp-element-caption\"><strong>F\u00eate de la Musique au Temple le 21 juin 2022: Gaspar MINGUITON (violon); Margaux VASTEL et Rapha\u00ebl DUBOIS (guitares classiques)<\/strong><\/figcaption><\/figure>\n<\/div>\n\n<div class=\"wp-block-image\">\n<figure class=\"aligncenter is-resized\"><img loading=\"lazy\" decoding=\"async\" width=\"300\" height=\"225\" src=\"https:\/\/musiqueautemple.fr\/wp-content\/uploads\/2022\/05\/photo-de-concert-15-mai-2022-300x225.jpg\" alt=\"\" class=\"wp-image-3986\" style=\"width:409px;height:307px\" srcset=\"https:\/\/musiqueautemple.fr\/wp-content\/uploads\/2022\/05\/photo-de-concert-15-mai-2022-300x225.jpg 300w, https:\/\/musiqueautemple.fr\/wp-content\/uploads\/2022\/05\/photo-de-concert-15-mai-2022-768x576.jpg 768w, https:\/\/musiqueautemple.fr\/wp-content\/uploads\/2022\/05\/photo-de-concert-15-mai-2022-1024x768.jpg 1024w, https:\/\/musiqueautemple.fr\/wp-content\/uploads\/2022\/05\/photo-de-concert-15-mai-2022-900x675.jpg 900w, https:\/\/musiqueautemple.fr\/wp-content\/uploads\/2022\/05\/photo-de-concert-15-mai-2022-1280x960.jpg 1280w\" sizes=\"auto, (max-width: 300px) 100vw, 300px\" \/><figcaption class=\"wp-element-caption\"><strong>15 mai 2022 Estelle R\u00e9hault Boisnard, Axelle Bernage, Amandine de Doncker<\/strong><\/figcaption><\/figure>\n<\/div>\n\n\n<figure class=\"wp-block-image is-resized\"><img loading=\"lazy\" decoding=\"async\" width=\"229\" height=\"300\" src=\"https:\/\/musiqueautemple.fr\/wp-content\/uploads\/2022\/05\/20220512_000526-229x300.jpg\" alt=\"\" class=\"wp-image-3978\" style=\"width:313px;height:410px\" srcset=\"https:\/\/musiqueautemple.fr\/wp-content\/uploads\/2022\/05\/20220512_000526-229x300.jpg 229w, https:\/\/musiqueautemple.fr\/wp-content\/uploads\/2022\/05\/20220512_000526-768x1007.jpg 768w, https:\/\/musiqueautemple.fr\/wp-content\/uploads\/2022\/05\/20220512_000526-781x1024.jpg 781w, https:\/\/musiqueautemple.fr\/wp-content\/uploads\/2022\/05\/20220512_000526-900x1180.jpg 900w, https:\/\/musiqueautemple.fr\/wp-content\/uploads\/2022\/05\/20220512_000526-1280x1679.jpg 1280w, https:\/\/musiqueautemple.fr\/wp-content\/uploads\/2022\/05\/20220512_000526.jpg 1457w\" sizes=\"auto, (max-width: 229px) 100vw, 229px\" \/><figcaption class=\"wp-element-caption\"><strong>Yoann MOULIN concert clavecin et orgue le 11 mai 2022<\/strong><\/figcaption><\/figure>\n\n\n<div class=\"wp-block-image\">\n<figure class=\"aligncenter is-resized\"><img loading=\"lazy\" decoding=\"async\" width=\"243\" height=\"300\" src=\"https:\/\/musiqueautemple.fr\/wp-content\/uploads\/2022\/04\/Fran\u00e7ois-Cornu-le-9-avril-2022-243x300.jpg\" alt=\"Du 8 au 13 avril 2022, concerts de Fran\u00e7ois CORNU\" class=\"wp-image-3891\" style=\"width:289px;height:357px\" srcset=\"https:\/\/musiqueautemple.fr\/wp-content\/uploads\/2022\/04\/Fran\u00e7ois-Cornu-le-9-avril-2022-243x300.jpg 243w, https:\/\/musiqueautemple.fr\/wp-content\/uploads\/2022\/04\/Fran\u00e7ois-Cornu-le-9-avril-2022-768x947.jpg 768w, https:\/\/musiqueautemple.fr\/wp-content\/uploads\/2022\/04\/Fran\u00e7ois-Cornu-le-9-avril-2022-830x1024.jpg 830w, https:\/\/musiqueautemple.fr\/wp-content\/uploads\/2022\/04\/Fran\u00e7ois-Cornu-le-9-avril-2022-900x1110.jpg 900w, https:\/\/musiqueautemple.fr\/wp-content\/uploads\/2022\/04\/Fran\u00e7ois-Cornu-le-9-avril-2022-1280x1578.jpg 1280w\" sizes=\"auto, (max-width: 243px) 100vw, 243px\" \/><figcaption class=\"wp-element-caption\"> <br><strong>Du 8 au 13 avril 2022 Concerts de Fran\u00e7ois CORNU <\/strong><\/figcaption><\/figure>\n<\/div>\n\n\n<p class=\"has-text-color\" style=\"color:#1623ca\"><\/p>\n\n\n<p><a href=\"https:\/\/musiqueautemple.fr\/concert-12-juillet-20-4\/\"><img loading=\"lazy\" decoding=\"async\" class=\" wp-image-2954\" src=\"https:\/\/musiqueautemple.fr\/wp-content\/uploads\/2020\/08\/concert-12-juillet-20-2.jpg\" alt=\"\" width=\"500\" height=\"409\" srcset=\"https:\/\/musiqueautemple.fr\/wp-content\/uploads\/2020\/08\/concert-12-juillet-20-2.jpg 3386w, https:\/\/musiqueautemple.fr\/wp-content\/uploads\/2020\/08\/concert-12-juillet-20-2-300x245.jpg 300w, https:\/\/musiqueautemple.fr\/wp-content\/uploads\/2020\/08\/concert-12-juillet-20-2-768x627.jpg 768w, https:\/\/musiqueautemple.fr\/wp-content\/uploads\/2020\/08\/concert-12-juillet-20-2-1024x836.jpg 1024w, https:\/\/musiqueautemple.fr\/wp-content\/uploads\/2020\/08\/concert-12-juillet-20-2-900x735.jpg 900w, https:\/\/musiqueautemple.fr\/wp-content\/uploads\/2020\/08\/concert-12-juillet-20-2-1280x1046.jpg 1280w\" sizes=\"auto, (max-width: 500px) 100vw, 500px\" \/> \u00a0 \u00a0 \u00a0 \u00a0 \u00a0 \u00a0 \u00a0 \u00a0<\/a><strong><span style=\"color: #0000ff;\">Juillet 2020: Denis Arsenau (clavier), Guillemette Hueber (violoncelle), Faustine Spillebout (violon).<\/span><\/strong><\/p>\n<hr \/>\n<p><a href=\"https:\/\/musiqueautemple.fr\/concert-francois-cornu-juillet-20\/\"><img loading=\"lazy\" decoding=\"async\" class=\" wp-image-2953\" src=\"https:\/\/musiqueautemple.fr\/wp-content\/uploads\/2020\/08\/concert-Fran\u00e7ois-Cornu-juillet-20.jpg\" alt=\"\" width=\"526\" height=\"276\" srcset=\"https:\/\/musiqueautemple.fr\/wp-content\/uploads\/2020\/08\/concert-Fran\u00e7ois-Cornu-juillet-20.jpg 3195w, https:\/\/musiqueautemple.fr\/wp-content\/uploads\/2020\/08\/concert-Fran\u00e7ois-Cornu-juillet-20-300x157.jpg 300w, https:\/\/musiqueautemple.fr\/wp-content\/uploads\/2020\/08\/concert-Fran\u00e7ois-Cornu-juillet-20-768x403.jpg 768w, https:\/\/musiqueautemple.fr\/wp-content\/uploads\/2020\/08\/concert-Fran\u00e7ois-Cornu-juillet-20-1024x537.jpg 1024w, https:\/\/musiqueautemple.fr\/wp-content\/uploads\/2020\/08\/concert-Fran\u00e7ois-Cornu-juillet-20-900x472.jpg 900w, https:\/\/musiqueautemple.fr\/wp-content\/uploads\/2020\/08\/concert-Fran\u00e7ois-Cornu-juillet-20-1280x672.jpg 1280w\" sizes=\"auto, (max-width: 526px) 100vw, 526px\" \/><\/a><\/p>\n<p><a href=\"https:\/\/musiqueautemple.fr\/concert-francois-cornu-juillet-20\/\"><strong><span style=\"color: #3366ff;\">Juillet 2020. Concerts de Fran\u00e7ois Cornu. \u00a0<\/span><\/strong><\/a><em><span style=\"color: #0000ff;\">Pour retrouver Fran\u00e7ois Cornu dans un enregistrement \u00e0 la Chapelle de Saint Venant<\/span><\/em>.<\/p>\n<p><a href=\"https:\/\/youtu.be\/BfzmmmQG4ME\">https:\/\/youtu.be\/BfzmmmQG4ME<\/a><\/p>\n<h6><a href=\"https:\/\/musiqueautemple.fr\/concerts-de-lavent-2019\/\"><img loading=\"lazy\" decoding=\"async\" class=\" wp-image-1289\" src=\"https:\/\/musiqueautemple.fr\/wp-content\/uploads\/2019\/12\/Concerts-de-lAvent-2019.jpg\" alt=\"\" width=\"559\" height=\"559\" srcset=\"https:\/\/musiqueautemple.fr\/wp-content\/uploads\/2019\/12\/Concerts-de-lAvent-2019.jpg 2896w, https:\/\/musiqueautemple.fr\/wp-content\/uploads\/2019\/12\/Concerts-de-lAvent-2019-150x150.jpg 150w, https:\/\/musiqueautemple.fr\/wp-content\/uploads\/2019\/12\/Concerts-de-lAvent-2019-300x300.jpg 300w, https:\/\/musiqueautemple.fr\/wp-content\/uploads\/2019\/12\/Concerts-de-lAvent-2019-768x768.jpg 768w, https:\/\/musiqueautemple.fr\/wp-content\/uploads\/2019\/12\/Concerts-de-lAvent-2019-1024x1024.jpg 1024w, https:\/\/musiqueautemple.fr\/wp-content\/uploads\/2019\/12\/Concerts-de-lAvent-2019-88x88.jpg 88w, https:\/\/musiqueautemple.fr\/wp-content\/uploads\/2019\/12\/Concerts-de-lAvent-2019-900x900.jpg 900w, https:\/\/musiqueautemple.fr\/wp-content\/uploads\/2019\/12\/Concerts-de-lAvent-2019-1280x1280.jpg 1280w\" sizes=\"auto, (max-width: 559px) 100vw, 559px\" \/><\/a><span style=\"color: #0000ff;\"><strong>Concerts de l&rsquo;Avent 2019. En partant de haut \u00e0 gauche. Ensemble In Corde, Ensemble I&rsquo;ll be Bach et l&rsquo;Ensemble Into The Winds. <span style=\"color: #3366ff;\"><em>Deux vid\u00e9o pour\u00a0 retrouver ce dernier ensemble.<\/em><\/span><\/strong><\/span><\/h6>\n<p><a href=\"https:\/\/youtu.be\/w8WGQKGAk6Y\">https:\/\/youtu.be\/w8WGQKGAk6Y<\/a><\/p>\n<p><a href=\"https:\/\/youtu.be\/AvbygHAdn9c\">https:\/\/youtu.be\/AvbygHAdn9c<\/a><\/p>\n<p><a style=\"font-weight: bold;\" href=\"https:\/\/musiqueautemple.fr\/photo-concerts-dec-avril-19\/\"><img loading=\"lazy\" decoding=\"async\" class=\"wp-image-763 size-full\" src=\"https:\/\/musiqueautemple.fr\/wp-content\/uploads\/2019\/04\/PHOTO-CONCERTS-DEC-Avril-19.jpg\" alt=\"\" width=\"2896\" height=\"2896\" srcset=\"https:\/\/musiqueautemple.fr\/wp-content\/uploads\/2019\/04\/PHOTO-CONCERTS-DEC-Avril-19.jpg 2896w, https:\/\/musiqueautemple.fr\/wp-content\/uploads\/2019\/04\/PHOTO-CONCERTS-DEC-Avril-19-150x150.jpg 150w, https:\/\/musiqueautemple.fr\/wp-content\/uploads\/2019\/04\/PHOTO-CONCERTS-DEC-Avril-19-300x300.jpg 300w, https:\/\/musiqueautemple.fr\/wp-content\/uploads\/2019\/04\/PHOTO-CONCERTS-DEC-Avril-19-768x768.jpg 768w, https:\/\/musiqueautemple.fr\/wp-content\/uploads\/2019\/04\/PHOTO-CONCERTS-DEC-Avril-19-1024x1024.jpg 1024w, https:\/\/musiqueautemple.fr\/wp-content\/uploads\/2019\/04\/PHOTO-CONCERTS-DEC-Avril-19-88x88.jpg 88w, https:\/\/musiqueautemple.fr\/wp-content\/uploads\/2019\/04\/PHOTO-CONCERTS-DEC-Avril-19-900x900.jpg 900w, https:\/\/musiqueautemple.fr\/wp-content\/uploads\/2019\/04\/PHOTO-CONCERTS-DEC-Avril-19-1280x1280.jpg 1280w\" sizes=\"auto, (max-width: 2896px) 100vw, 2896px\" \/><\/a><\/p>\n<p><span style=\"font-size: 12pt; color: #3366ff;\"><strong>2019. Classe fl\u00fbtes et harpes CRR de Tours, Charlie.O, Fran\u00e7ois Bazola et Fran\u00e7ois Cornu, Denis Raison Dardre<\/strong><\/span><\/p>\n<p><div id=\"attachment_814\" style=\"width: 2906px\" class=\"wp-caption aligncenter\"><a style=\"color: #3366ff;\" href=\"https:\/\/musiqueautemple.fr\/concert-29-avril-19-alice-julien-laferriere-et-mathilde-vialle\/\"><img loading=\"lazy\" decoding=\"async\" aria-describedby=\"caption-attachment-814\" class=\"wp-image-814 size-full\" src=\"https:\/\/musiqueautemple.fr\/wp-content\/uploads\/2019\/04\/concert-29-avril-19-Alice-Julien-Laferri\u00e8re-et-Mathilde-Vialle.jpg\" alt=\"\" width=\"2896\" height=\"2896\" srcset=\"https:\/\/musiqueautemple.fr\/wp-content\/uploads\/2019\/04\/concert-29-avril-19-Alice-Julien-Laferri\u00e8re-et-Mathilde-Vialle.jpg 2896w, https:\/\/musiqueautemple.fr\/wp-content\/uploads\/2019\/04\/concert-29-avril-19-Alice-Julien-Laferri\u00e8re-et-Mathilde-Vialle-150x150.jpg 150w, https:\/\/musiqueautemple.fr\/wp-content\/uploads\/2019\/04\/concert-29-avril-19-Alice-Julien-Laferri\u00e8re-et-Mathilde-Vialle-300x300.jpg 300w, https:\/\/musiqueautemple.fr\/wp-content\/uploads\/2019\/04\/concert-29-avril-19-Alice-Julien-Laferri\u00e8re-et-Mathilde-Vialle-768x768.jpg 768w, https:\/\/musiqueautemple.fr\/wp-content\/uploads\/2019\/04\/concert-29-avril-19-Alice-Julien-Laferri\u00e8re-et-Mathilde-Vialle-1024x1024.jpg 1024w, https:\/\/musiqueautemple.fr\/wp-content\/uploads\/2019\/04\/concert-29-avril-19-Alice-Julien-Laferri\u00e8re-et-Mathilde-Vialle-88x88.jpg 88w, https:\/\/musiqueautemple.fr\/wp-content\/uploads\/2019\/04\/concert-29-avril-19-Alice-Julien-Laferri\u00e8re-et-Mathilde-Vialle-900x900.jpg 900w, https:\/\/musiqueautemple.fr\/wp-content\/uploads\/2019\/04\/concert-29-avril-19-Alice-Julien-Laferri\u00e8re-et-Mathilde-Vialle-1280x1280.jpg 1280w\" sizes=\"auto, (max-width: 2896px) 100vw, 2896px\" \/><\/a><p id=\"caption-attachment-814\" class=\"wp-caption-text\"><strong><span style=\"font-size: 12pt; color: #3366ff;\">Duo Coloquintes: Alice Julien-Laferri\u00e8re (violon) Mathilde Vialle (violoncelle) 2019. <span style=\"color: #0000ff;\"><em>Pour retrouver ces deux talentueuses musiciennes, une vid\u00e9o: <a href=\"https:\/\/youtu.be\/1vs4zuxxml0\">https:\/\/youtu.be\/1vs4zuxxml0<\/a><\/em><\/span><\/span><\/strong><\/p><\/div><br \/>\n<div id=\"attachment_1059\" style=\"width: 2906px\" class=\"wp-caption aligncenter\"><a style=\"color: #3366ff;\" href=\"https:\/\/musiqueautemple.fr\/concerts-dorgue-ete-2019-temple\/\"><img loading=\"lazy\" decoding=\"async\" aria-describedby=\"caption-attachment-1059\" class=\"size-full wp-image-1059\" src=\"https:\/\/musiqueautemple.fr\/wp-content\/uploads\/2019\/07\/concerts-dorgue-\u00e9t\u00e9-2019-Temple.jpg\" alt=\"\" width=\"2896\" height=\"2896\" srcset=\"https:\/\/musiqueautemple.fr\/wp-content\/uploads\/2019\/07\/concerts-dorgue-\u00e9t\u00e9-2019-Temple.jpg 2896w, https:\/\/musiqueautemple.fr\/wp-content\/uploads\/2019\/07\/concerts-dorgue-\u00e9t\u00e9-2019-Temple-150x150.jpg 150w, https:\/\/musiqueautemple.fr\/wp-content\/uploads\/2019\/07\/concerts-dorgue-\u00e9t\u00e9-2019-Temple-300x300.jpg 300w, https:\/\/musiqueautemple.fr\/wp-content\/uploads\/2019\/07\/concerts-dorgue-\u00e9t\u00e9-2019-Temple-768x768.jpg 768w, https:\/\/musiqueautemple.fr\/wp-content\/uploads\/2019\/07\/concerts-dorgue-\u00e9t\u00e9-2019-Temple-1024x1024.jpg 1024w, https:\/\/musiqueautemple.fr\/wp-content\/uploads\/2019\/07\/concerts-dorgue-\u00e9t\u00e9-2019-Temple-88x88.jpg 88w, https:\/\/musiqueautemple.fr\/wp-content\/uploads\/2019\/07\/concerts-dorgue-\u00e9t\u00e9-2019-Temple-900x900.jpg 900w, https:\/\/musiqueautemple.fr\/wp-content\/uploads\/2019\/07\/concerts-dorgue-\u00e9t\u00e9-2019-Temple-1280x1280.jpg 1280w\" sizes=\"auto, (max-width: 2896px) 100vw, 2896px\" \/><\/a><p id=\"caption-attachment-1059\" class=\"wp-caption-text\"><span style=\"font-size: 12pt;\"><strong><span style=\"color: #3366ff;\">De gauche \u00e0 droite : Festival AuTours des orgues. Concerts d&rsquo;orgue au Temple. Denis Arsseneau (7 juillet 2019), Elise L\u00e9onard (21 juillet), Pascal R\u00e9ber (14 juillet)<\/span><\/strong><\/span><\/p><\/div><br \/>\n<div id=\"attachment_974\" style=\"width: 2906px\" class=\"wp-caption aligncenter\"><a style=\"color: #3366ff;\" href=\"https:\/\/musiqueautemple.fr\/index.php\/2020\/04\/15\/a-bientot\/fete-de-la-musique-21-juin-2019\/\" rel=\"attachment wp-att-974\"><img loading=\"lazy\" decoding=\"async\" aria-describedby=\"caption-attachment-974\" class=\"wp-image-974 size-full\" src=\"https:\/\/musiqueautemple.fr\/wp-content\/uploads\/2019\/06\/F\u00eate-de-la-musique-21-juin-2019.jpg\" alt=\"\" width=\"2896\" height=\"2896\" srcset=\"https:\/\/musiqueautemple.fr\/wp-content\/uploads\/2019\/06\/F\u00eate-de-la-musique-21-juin-2019.jpg 2896w, https:\/\/musiqueautemple.fr\/wp-content\/uploads\/2019\/06\/F\u00eate-de-la-musique-21-juin-2019-150x150.jpg 150w, https:\/\/musiqueautemple.fr\/wp-content\/uploads\/2019\/06\/F\u00eate-de-la-musique-21-juin-2019-300x300.jpg 300w, https:\/\/musiqueautemple.fr\/wp-content\/uploads\/2019\/06\/F\u00eate-de-la-musique-21-juin-2019-768x768.jpg 768w, https:\/\/musiqueautemple.fr\/wp-content\/uploads\/2019\/06\/F\u00eate-de-la-musique-21-juin-2019-1024x1024.jpg 1024w, https:\/\/musiqueautemple.fr\/wp-content\/uploads\/2019\/06\/F\u00eate-de-la-musique-21-juin-2019-88x88.jpg 88w, https:\/\/musiqueautemple.fr\/wp-content\/uploads\/2019\/06\/F\u00eate-de-la-musique-21-juin-2019-900x900.jpg 900w, https:\/\/musiqueautemple.fr\/wp-content\/uploads\/2019\/06\/F\u00eate-de-la-musique-21-juin-2019-1280x1280.jpg 1280w\" sizes=\"auto, (max-width: 2896px) 100vw, 2896px\" \/><\/a><p id=\"caption-attachment-974\" class=\"wp-caption-text\"><span style=\"font-size: 12pt;\"><strong><span style=\"color: #3366ff;\">Musique au Temple 21 juin 2019 <\/span><\/strong><\/span><\/p><\/div><br \/>\n<div id=\"attachment_1089\" style=\"width: 964px\" class=\"wp-caption aligncenter\"><a href=\"https:\/\/musiqueautemple.fr\/jeff01_2017081314445186_concert\/\"><img loading=\"lazy\" decoding=\"async\" aria-describedby=\"caption-attachment-1089\" class=\"size-full wp-image-1089\" src=\"https:\/\/musiqueautemple.fr\/wp-content\/uploads\/2019\/08\/bernard-zinck-au-violon-et-thibault-bitschene-a-l-orgue_3561763.jpg\" alt=\"\" width=\"954\" height=\"600\" srcset=\"https:\/\/musiqueautemple.fr\/wp-content\/uploads\/2019\/08\/bernard-zinck-au-violon-et-thibault-bitschene-a-l-orgue_3561763.jpg 954w, https:\/\/musiqueautemple.fr\/wp-content\/uploads\/2019\/08\/bernard-zinck-au-violon-et-thibault-bitschene-a-l-orgue_3561763-300x189.jpg 300w, https:\/\/musiqueautemple.fr\/wp-content\/uploads\/2019\/08\/bernard-zinck-au-violon-et-thibault-bitschene-a-l-orgue_3561763-768x483.jpg 768w, https:\/\/musiqueautemple.fr\/wp-content\/uploads\/2019\/08\/bernard-zinck-au-violon-et-thibault-bitschene-a-l-orgue_3561763-900x566.jpg 900w\" sizes=\"auto, (max-width: 954px) 100vw, 954px\" \/><\/a><p id=\"caption-attachment-1089\" class=\"wp-caption-text\"><span style=\"font-size: 12pt;\"><strong><span style=\"color: #3366ff;\">Bernard ZINCK (violon) et Thibault BITSCHENE (orgue) 29 septembre 2019<\/span><\/strong><\/span><\/p><\/div><\/p>\n\n\n<p><\/p>\n\n\n\n<p><\/p>\n\n\n\n<p><\/p>\n","protected":false},"excerpt":{"rendered":"<p>Ensemble CARTESIXTE &#8211; Dimanche 29 mars 2026 BACH \u00e0 TOURS &#8211; Dimanche 15 mars 2026 LES MUSES DU VENT &#8211; Dimanche 8 mars 2026 CANTATE A TOURS le 8 F\u00e9vrier 2026 Le public s&rsquo;entraine au Choral de la cantate BWV 126&#8230;: Et voil\u00e0 le r\u00e9sultat CANTATE A TOURS le 18 janvier 2026 Cantate BWV 18 [&hellip;]<\/p>\n","protected":false},"author":3,"featured_media":0,"comment_status":"closed","ping_status":"closed","sticky":false,"template":"","format":"standard","meta":{"footnotes":""},"categories":[1],"tags":[],"class_list":["post-2758","post","type-post","status-publish","format-standard","hentry","category-non-classe"],"_links":{"self":[{"href":"https:\/\/musiqueautemple.fr\/index.php?rest_route=\/wp\/v2\/posts\/2758","targetHints":{"allow":["GET"]}}],"collection":[{"href":"https:\/\/musiqueautemple.fr\/index.php?rest_route=\/wp\/v2\/posts"}],"about":[{"href":"https:\/\/musiqueautemple.fr\/index.php?rest_route=\/wp\/v2\/types\/post"}],"author":[{"embeddable":true,"href":"https:\/\/musiqueautemple.fr\/index.php?rest_route=\/wp\/v2\/users\/3"}],"replies":[{"embeddable":true,"href":"https:\/\/musiqueautemple.fr\/index.php?rest_route=%2Fwp%2Fv2%2Fcomments&post=2758"}],"version-history":[{"count":134,"href":"https:\/\/musiqueautemple.fr\/index.php?rest_route=\/wp\/v2\/posts\/2758\/revisions"}],"predecessor-version":[{"id":7052,"href":"https:\/\/musiqueautemple.fr\/index.php?rest_route=\/wp\/v2\/posts\/2758\/revisions\/7052"}],"wp:attachment":[{"href":"https:\/\/musiqueautemple.fr\/index.php?rest_route=%2Fwp%2Fv2%2Fmedia&parent=2758"}],"wp:term":[{"taxonomy":"category","embeddable":true,"href":"https:\/\/musiqueautemple.fr\/index.php?rest_route=%2Fwp%2Fv2%2Fcategories&post=2758"},{"taxonomy":"post_tag","embeddable":true,"href":"https:\/\/musiqueautemple.fr\/index.php?rest_route=%2Fwp%2Fv2%2Ftags&post=2758"}],"curies":[{"name":"wp","href":"https:\/\/api.w.org\/{rel}","templated":true}]}}