{"id":3698,"date":"2021-12-21T10:53:52","date_gmt":"2021-12-21T09:53:52","guid":{"rendered":"http:\/\/musiqueautemple.fr\/?p=3698"},"modified":"2026-04-20T22:49:35","modified_gmt":"2026-04-20T20:49:35","slug":"prochaines-manifestations","status":"publish","type":"post","link":"https:\/\/musiqueautemple.fr\/?p=3698","title":{"rendered":"L&rsquo;\u00e9quipe de Musique se r\u00e9jouit de vous accueillir lors d&rsquo;une prochaine manifestation musicale au Temple."},"content":{"rendered":"\n<p class=\"has-text-color has-link-color wp-elements-a7ca4287eb60d2c3f9267ad3a37818d5\" style=\"color:#4c5282;font-size:39px\"><strong>Prochaine manifestation au temple :<\/strong>                <strong>                                  <\/strong><\/p>\n\n\n\n<h2 class=\"wp-block-heading has-text-color has-link-color wp-elements-885d670d6f3b624cb1fcd17bd4d4a215\" style=\"color:#0944af\">Mercredi 29 Avril 20h00<\/h2>\n\n\n\n<h2 class=\"wp-block-heading\">Ensemble La Florinda<\/h2>\n\n\n\n<figure class=\"wp-block-image size-large is-resized\"><img loading=\"lazy\" decoding=\"async\" width=\"724\" height=\"1024\" src=\"https:\/\/musiqueautemple.fr\/wp-content\/uploads\/2021\/12\/Concert_Temple_protestant_29_Avril-724x1024.jpeg\" alt=\"\" class=\"wp-image-7030\" style=\"aspect-ratio:0.7070277821854924;width:390px;height:auto\" srcset=\"https:\/\/musiqueautemple.fr\/wp-content\/uploads\/2021\/12\/Concert_Temple_protestant_29_Avril-724x1024.jpeg 724w, https:\/\/musiqueautemple.fr\/wp-content\/uploads\/2021\/12\/Concert_Temple_protestant_29_Avril-212x300.jpeg 212w, https:\/\/musiqueautemple.fr\/wp-content\/uploads\/2021\/12\/Concert_Temple_protestant_29_Avril-768x1087.jpeg 768w, https:\/\/musiqueautemple.fr\/wp-content\/uploads\/2021\/12\/Concert_Temple_protestant_29_Avril-1085x1536.jpeg 1085w, https:\/\/musiqueautemple.fr\/wp-content\/uploads\/2021\/12\/Concert_Temple_protestant_29_Avril-900x1274.jpeg 900w, https:\/\/musiqueautemple.fr\/wp-content\/uploads\/2021\/12\/Concert_Temple_protestant_29_Avril-1280x1812.jpeg 1280w, https:\/\/musiqueautemple.fr\/wp-content\/uploads\/2021\/12\/Concert_Temple_protestant_29_Avril.jpeg 1447w\" sizes=\"auto, (max-width: 724px) 100vw, 724px\" \/><\/figure>\n\n\n\n<p><\/p>\n\n\n\n<h2 class=\"wp-block-heading has-text-color has-link-color wp-elements-03be10fc3ee562e5e290c217bdb9e539\" style=\"color:#4b62c9\">Jeudi 30 Avril &#8211; 20h00<\/h2>\n\n\n\n<h2 class=\"wp-block-heading\">Concert MONTEVERDI<\/h2>\n\n\n\n<h2 class=\"wp-block-heading has-normal-font-size\">Ch\u0153ur et instrumentiste du d\u00e9partement de musique et musicologie de l&rsquo;Universit\u00e9 de Tours<\/h2>\n\n\n\n<h2 class=\"wp-block-heading has-text-color has-link-color wp-elements-fc011960aa9cb75db73df53eda7702e3\" style=\"color:#0e3add\">Dimanche 3 mai &#8211; 17h00<\/h2>\n\n\n\n<h2 class=\"wp-block-heading\">Cantate \u00e0 Tours<\/h2>\n\n\n\n<p>Cantate BWV 12 <em><strong>Weinen, Klagen, Sorgen, Zagen<\/strong><\/em> (<em>Les pleurs et les lamentations, les tourments et le d\u00e9couragement<\/em>) compos\u00e9e \u00e0  Weimar en  1714 pour le 3\u00e8me dimanche apr\u00e8s P\u00e2ques<\/p>\n\n\n\n<h2 class=\"wp-block-heading has-text-color has-link-color wp-elements-1339922fa93726e54ba36e347f92d63a\" style=\"color:#0e17bb\">Dimanche 10 mai &#8211; 17h00<\/h2>\n\n\n\n<h2 class=\"wp-block-heading has-text-color has-link-color wp-elements-37d0e45387596c659661898ed8ba407f\" style=\"color:#e77c0c\">PORTRAITS CROISES<\/h2>\n\n\n\n<p class=\"has-dark-gray-color has-text-color has-link-color has-large-font-size wp-elements-28667e517750514840d6ced9750bdc5c\"><strong>Par l\u2019ensemble SFUMATO<\/strong><br>Betsab\u00e9e HAAS (soprane) &#8211; Yuki KOIKE (violon)<br>Benjamin GARNIER (viole de gambe) -S\u00e9bastien WONNER (clavecin)<\/p>\n\n\n\n<p class=\"has-dark-gray-color has-text-color has-link-color has-large-font-size wp-elements-341ad63ae14a4dfa781084fdae1ba365\">\u0152uvres de :<br>Fran\u00e7ois COUPERIN &#8211; Jean-Marie LECLAIR &#8211; Elisabeth JACQUET de La GUERRE<\/p>\n\n\n\n<p class=\"has-dark-gray-color has-text-color has-link-color has-large-font-size wp-elements-a372175f6bbb67c097183fe825d1685e\">Entr\u00e9e : 18 \u20ac, 10 \u20ac (tarif r\u00e9duit), 5 \u20ac PCC<br>R\u00e9servation conseill\u00e9e :<br>musiqueautemple.tours@gmail.com<br>T\u00e9l. : 06 10 13 63 07 \u2013 Laisser message ou texto<\/p>\n\n\n\n<p class=\"has-dark-gray-color has-text-color has-link-color has-large-font-size wp-elements-f8a34d6dd2380a2ec2549d9bcb97109c\"><strong><strong>Retrouvez les autres concerts pr\u00e9vus :<\/strong><\/strong><\/p>\n\n\n<div class=\"wp-block-image\">\n<figure class=\"aligncenter size-full is-resized\"><a href=\"https:\/\/musiqueautemple.fr\/?page_id=6804\"><img loading=\"lazy\" decoding=\"async\" width=\"337\" height=\"320\" src=\"https:\/\/musiqueautemple.fr\/wp-content\/uploads\/2025\/06\/orgue.jpg\" alt=\"\" class=\"wp-image-6604\" style=\"aspect-ratio:1.0530934902482343;width:46px;height:auto\" srcset=\"https:\/\/musiqueautemple.fr\/wp-content\/uploads\/2025\/06\/orgue.jpg 337w, https:\/\/musiqueautemple.fr\/wp-content\/uploads\/2025\/06\/orgue-300x285.jpg 300w\" sizes=\"auto, (max-width: 337px) 100vw, 337px\" \/><\/a><\/figure>\n<\/div>\n\n\n<p><a href=\"https:\/\/musiqueautemple.fr\/?page_id=6804\">calendrier-concerts-2026<\/a><\/p>\n\n\n\n<p class=\"has-accent-color has-text-color has-large-font-size\"><\/p>\n\n\n\n<p><\/p>\n","protected":false},"excerpt":{"rendered":"<p>Prochaine manifestation au temple : Mercredi 29 Avril 20h00 Ensemble La Florinda Jeudi 30 Avril &#8211; 20h00 Concert MONTEVERDI Ch\u0153ur et instrumentiste du d\u00e9partement de musique et musicologie de l&rsquo;Universit\u00e9 de Tours Dimanche 3 mai &#8211; 17h00 Cantate \u00e0 Tours Cantate BWV 12 Weinen, Klagen, Sorgen, Zagen (Les pleurs et les lamentations, les tourments et [&hellip;]<\/p>\n","protected":false},"author":3,"featured_media":0,"comment_status":"closed","ping_status":"closed","sticky":false,"template":"","format":"standard","meta":{"footnotes":""},"categories":[1],"tags":[],"class_list":["post-3698","post","type-post","status-publish","format-standard","hentry","category-non-classe"],"_links":{"self":[{"href":"https:\/\/musiqueautemple.fr\/index.php?rest_route=\/wp\/v2\/posts\/3698","targetHints":{"allow":["GET"]}}],"collection":[{"href":"https:\/\/musiqueautemple.fr\/index.php?rest_route=\/wp\/v2\/posts"}],"about":[{"href":"https:\/\/musiqueautemple.fr\/index.php?rest_route=\/wp\/v2\/types\/post"}],"author":[{"embeddable":true,"href":"https:\/\/musiqueautemple.fr\/index.php?rest_route=\/wp\/v2\/users\/3"}],"replies":[{"embeddable":true,"href":"https:\/\/musiqueautemple.fr\/index.php?rest_route=%2Fwp%2Fv2%2Fcomments&post=3698"}],"version-history":[{"count":577,"href":"https:\/\/musiqueautemple.fr\/index.php?rest_route=\/wp\/v2\/posts\/3698\/revisions"}],"predecessor-version":[{"id":7070,"href":"https:\/\/musiqueautemple.fr\/index.php?rest_route=\/wp\/v2\/posts\/3698\/revisions\/7070"}],"wp:attachment":[{"href":"https:\/\/musiqueautemple.fr\/index.php?rest_route=%2Fwp%2Fv2%2Fmedia&parent=3698"}],"wp:term":[{"taxonomy":"category","embeddable":true,"href":"https:\/\/musiqueautemple.fr\/index.php?rest_route=%2Fwp%2Fv2%2Fcategories&post=3698"},{"taxonomy":"post_tag","embeddable":true,"href":"https:\/\/musiqueautemple.fr\/index.php?rest_route=%2Fwp%2Fv2%2Ftags&post=3698"}],"curies":[{"name":"wp","href":"https:\/\/api.w.org\/{rel}","templated":true}]}}